{"id":22314,"date":"2013-08-28T13:14:52","date_gmt":"2013-08-28T19:14:52","guid":{"rendered":"http:\/\/elcronistadigital.com\/?p=22314"},"modified":"2013-08-28T13:14:52","modified_gmt":"2013-08-28T19:14:52","slug":"empresarios-espanoles-vendran-a-nicaragua-en-busca-de-negocios","status":"publish","type":"post","link":"https:\/\/elcronistadigital.com\/?p=22314","title":{"rendered":"Empresarios espa\u00f1oles vendr\u00e1n a Nicaragua en busca de negocios"},"content":{"rendered":"<div id=\"attachment_22315\" style=\"width: 210px\" class=\"wp-caption alignleft\"><a href=\"https:\/\/elcronistadigital.com\/?attachment_id=22315\" rel=\"attachment wp-att-22315\"><img loading=\"lazy\" decoding=\"async\" aria-describedby=\"caption-attachment-22315\" class=\"size-full wp-image-22315\" title=\"palacio-camara de comercio Madrid\" src=\"https:\/\/elcronistadigital.com\/wp-content\/uploads\/2013\/08\/palacio-camara-de-comercio-Madrid.jpg\" alt=\"\" width=\"200\" height=\"300\" \/><\/a><p id=\"caption-attachment-22315\" class=\"wp-caption-text\">Palacio que alberga a la C\u00e1mara de Comercio e Industria de Madrid.<\/p><\/div>\n<p>* En septiembre, en un periplo que arranca en Brasil e incluye a M\u00e9xico y Panam\u00e1<\/p>\n<p>La C\u00e1mara de Comercio e Industria de Madrid ha organizado encuentros empresariales en septiembre a Brasil, M\u00e9xico, Panam\u00e1 y Nicaragua \u00abpara acercar oportunidades de negocio a las empresas espa\u00f1olas\u00bb.<\/p>\n<p>Seg\u00fan ha informado la entidad cameral este mi\u00e9rcoles a trav\u00e9s de un comunicado, entre los d\u00edas 16 y 19 de septiembre una delegaci\u00f3n de empresas espa\u00f1olas de los sectores de bienes de consumo y de equipo, nuevas tecnolog\u00edas y del sector ferroviario viajar\u00e1 hasta Sao Paulo \u00aben busca de nuevas oportunidades de negocio\u00bb.<\/p>\n<p>Asimismo, el Gobierno brasile\u00f1o \u00abprev\u00e9 un crecimiento de la econom\u00eda del pa\u00eds para 2013 del tres por ciento en donde cuenta con una poblaci\u00f3n de m\u00e1s de 200 millones de habitantes\u00bb.<\/p>\n<p>Adem\u00e1s, tiene \u00abun potencial de crecimiento de la demanda interna debido a la incorporaci\u00f3n de millones de personas a la clase media\u00bb, de manera que \u00abel pa\u00eds brinda interesantes oportunidades en el sector de bienes de consumo\u00bb.<\/p>\n<p>Por otro lado, esta delegaci\u00f3n de las empresas espa\u00f1olas permanecer\u00e1 en la ciudad de M\u00e9xico D.F., los d\u00edas 23 y 24 de septiembre y despu\u00e9s se trasladar\u00e1 a Panam\u00e1 hasta el 27 de ese mes.<\/p>\n<p>\u00abLos gobiernos de M\u00e9xico y Panam\u00e1 iniciaron a finales del mes de julio las negociaciones para un Tratado de Libre Comercio (TLC)\u00bb, ha afirmado la C\u00e1mara de Comercio.<\/p>\n<p>Del mismo modo ha explicado que M\u00e9xico \u00abrepresenta una de las primeras econom\u00edas del mundo, con un crecimiento proyectado por el Fondo Monetario Internacional (FMI) para 2013 del 3,45 por ciento\u00bb.<\/p>\n<p>Mientras, Panam\u00e1 tiene una econom\u00eda de servicios \u00abque gira en torno al Canal y que se configura como un pa\u00eds estrat\u00e9gico, en expansi\u00f3n y con importantes proyectos de infraestructuras\u00bb.<\/p>\n<p>Finalmente, una delegaci\u00f3n de empresas acudir\u00e1 a Expoapen, la Feria de Negocio Internacional de Nicaragua, de la mano de la entidad cameral que se celebrar\u00e1 en Managua.<\/p>\n<p>\u00abAll\u00ed se dar\u00e1n cita importadores, exportadores, productores, mayoristas as\u00ed como asociaciones e instituciones con poder de decisi\u00f3n de m\u00e1s de 15 pa\u00edses a nivel mundial, que utilizan la feria para desarrollar acciones comerciales y ampliar sus redes de distribuci\u00f3n\u00bb, ha concluido en el comunicado.<\/p>\n","protected":false},"excerpt":{"rendered":"<p>* En septiembre, en un periplo que arranca en Brasil e incluye a M\u00e9xico y Panam\u00e1 La C\u00e1mara de Comercio e Industria de Madrid ha organizado encuentros empresariales en septiembre a Brasil, M\u00e9xico, Panam\u00e1 y Nicaragua \u00abpara acercar oportunidades de negocio a las empresas espa\u00f1olas\u00bb. Seg\u00fan ha informado la entidad cameral este mi\u00e9rcoles a trav\u00e9s [&hellip;]<\/p>\n","protected":false},"author":1,"featured_media":22315,"comment_status":"open","ping_status":"open","sticky":false,"template":"","format":"standard","meta":{"om_disable_all_campaigns":false,"_monsterinsights_skip_tracking":false,"_monsterinsights_sitenote_active":false,"_monsterinsights_sitenote_note":"","_monsterinsights_sitenote_category":0,"footnotes":""},"categories":[3],"tags":[],"class_list":["post-22314","post","type-post","status-publish","format-standard","has-post-thumbnail","hentry","category-nacionales"],"aioseo_notices":[],"_links":{"self":[{"href":"https:\/\/elcronistadigital.com\/index.php?rest_route=\/wp\/v2\/posts\/22314","targetHints":{"allow":["GET"]}}],"collection":[{"href":"https:\/\/elcronistadigital.com\/index.php?rest_route=\/wp\/v2\/posts"}],"about":[{"href":"https:\/\/elcronistadigital.com\/index.php?rest_route=\/wp\/v2\/types\/post"}],"author":[{"embeddable":true,"href":"https:\/\/elcronistadigital.com\/index.php?rest_route=\/wp\/v2\/users\/1"}],"replies":[{"embeddable":true,"href":"https:\/\/elcronistadigital.com\/index.php?rest_route=%2Fwp%2Fv2%2Fcomments&post=22314"}],"version-history":[{"count":3,"href":"https:\/\/elcronistadigital.com\/index.php?rest_route=\/wp\/v2\/posts\/22314\/revisions"}],"predecessor-version":[{"id":22318,"href":"https:\/\/elcronistadigital.com\/index.php?rest_route=\/wp\/v2\/posts\/22314\/revisions\/22318"}],"wp:featuredmedia":[{"embeddable":true,"href":"https:\/\/elcronistadigital.com\/index.php?rest_route=\/wp\/v2\/media\/22315"}],"wp:attachment":[{"href":"https:\/\/elcronistadigital.com\/index.php?rest_route=%2Fwp%2Fv2%2Fmedia&parent=22314"}],"wp:term":[{"taxonomy":"category","embeddable":true,"href":"https:\/\/elcronistadigital.com\/index.php?rest_route=%2Fwp%2Fv2%2Fcategories&post=22314"},{"taxonomy":"post_tag","embeddable":true,"href":"https:\/\/elcronistadigital.com\/index.php?rest_route=%2Fwp%2Fv2%2Ftags&post=22314"}],"curies":[{"name":"wp","href":"https:\/\/api.w.org\/{rel}","templated":true}]}}