{"id":22319,"date":"2013-08-28T13:32:58","date_gmt":"2013-08-28T19:32:58","guid":{"rendered":"http:\/\/elcronistadigital.com\/?p=22319"},"modified":"2013-08-28T13:32:58","modified_gmt":"2013-08-28T19:32:58","slug":"piden-cabeza-de-cancillera-holguin","status":"publish","type":"post","link":"https:\/\/elcronistadigital.com\/?p=22319","title":{"rendered":"Piden cabeza de cancillera Holgu\u00edn"},"content":{"rendered":"<div id=\"attachment_22320\" style=\"width: 310px\" class=\"wp-caption alignright\"><a href=\"https:\/\/elcronistadigital.com\/?attachment_id=22320\" rel=\"attachment wp-att-22320\"><img loading=\"lazy\" decoding=\"async\" aria-describedby=\"caption-attachment-22320\" class=\"size-medium wp-image-22320\" title=\"Mar\u00eda \u00c1ngela Holgu\u00edn 6\" src=\"https:\/\/elcronistadigital.com\/wp-content\/uploads\/2013\/08\/Mar\u00eda-\u00c1ngela-Holgu\u00edn-6-300x225.jpg\" alt=\"\" width=\"300\" height=\"225\" srcset=\"https:\/\/elcronistadigital.com\/wp-content\/uploads\/2013\/08\/Mar\u00eda-\u00c1ngela-Holgu\u00edn-6-300x225.jpg 300w, https:\/\/elcronistadigital.com\/wp-content\/uploads\/2013\/08\/Mar\u00eda-\u00c1ngela-Holgu\u00edn-6-60x45.jpg 60w, https:\/\/elcronistadigital.com\/wp-content\/uploads\/2013\/08\/Mar\u00eda-\u00c1ngela-Holgu\u00edn-6-150x113.jpg 150w, https:\/\/elcronistadigital.com\/wp-content\/uploads\/2013\/08\/Mar\u00eda-\u00c1ngela-Holgu\u00edn-6-269x201.jpg 269w, https:\/\/elcronistadigital.com\/wp-content\/uploads\/2013\/08\/Mar\u00eda-\u00c1ngela-Holgu\u00edn-6.jpg 340w\" sizes=\"auto, (max-width: 300px) 100vw, 300px\" \/><\/a><p id=\"caption-attachment-22320\" class=\"wp-caption-text\">Mar\u00eda \u00c1ngela Holgu\u00edn, canciller de Colombia.<\/p><\/div>\n<p>* Senadores conservadores de Colombia la acusan de ser la culpable de que Corte Internacional de Justicia devolviera a Nicaragua unos 90 mil kil\u00f3metros de mar Caribe<\/p>\n<p>Sectores ultraconservadores del Senado de Colombia promueven la defenestraci\u00f3n de la canciller Mar\u00eda \u00c1ngela Holgu\u00edn, a quien acusan por la p\u00e9rdida de m\u00e1s de 90 mil kil\u00f3metros de mar Caribe que la Corte Internacional de Justicia (CIJ), regres\u00f3 a Nicaragua.<\/p>\n<p>Seg\u00fan Radio Caracol, para la colectividad colombiana son muy graves los efectos que ha tenido para ese pa\u00eds el fallo de La Haya y la pasividad del Gobierno frente a las pretensiones de Managua. (\u00bf?).<\/p>\n<p>Para el senador Jorge Pedraza, la p\u00e9rdida del mar territorial de San Andr\u00e9s es una raz\u00f3n suficiente para buscar la salida de la ministra de Relaciones Exteriores.<\/p>\n<p>\u201cEsto es tan o m\u00e1s grave que la perdida de Panam\u00e1, el partido en pleno apoya la moci\u00f3n de censura y la vamos a radicar en las dos c\u00e1maras\u201c, agreg\u00f3.<\/p>\n<p>La pr\u00f3xima semana se citar\u00e1n los debates de control pol\u00edtico en C\u00e1mara y Senado.<\/p>\n<p>Hoy en d\u00eda el Partido Conservador toma distancia del Gobierno en materia de paz y pol\u00edtica internacional.<\/p>\n","protected":false},"excerpt":{"rendered":"<p>* Senadores conservadores de Colombia la acusan de ser la culpable de que Corte Internacional de Justicia devolviera a Nicaragua unos 90 mil kil\u00f3metros de mar Caribe Sectores ultraconservadores del Senado de Colombia promueven la defenestraci\u00f3n de la canciller Mar\u00eda \u00c1ngela Holgu\u00edn, a quien acusan por la p\u00e9rdida de m\u00e1s de 90 mil kil\u00f3metros de [&hellip;]<\/p>\n","protected":false},"author":1,"featured_media":22320,"comment_status":"open","ping_status":"open","sticky":false,"template":"","format":"standard","meta":{"om_disable_all_campaigns":false,"_monsterinsights_skip_tracking":false,"_monsterinsights_sitenote_active":false,"_monsterinsights_sitenote_note":"","_monsterinsights_sitenote_category":0,"footnotes":""},"categories":[15],"tags":[],"class_list":["post-22319","post","type-post","status-publish","format-standard","has-post-thumbnail","hentry","category-politca"],"aioseo_notices":[],"_links":{"self":[{"href":"https:\/\/elcronistadigital.com\/index.php?rest_route=\/wp\/v2\/posts\/22319","targetHints":{"allow":["GET"]}}],"collection":[{"href":"https:\/\/elcronistadigital.com\/index.php?rest_route=\/wp\/v2\/posts"}],"about":[{"href":"https:\/\/elcronistadigital.com\/index.php?rest_route=\/wp\/v2\/types\/post"}],"author":[{"embeddable":true,"href":"https:\/\/elcronistadigital.com\/index.php?rest_route=\/wp\/v2\/users\/1"}],"replies":[{"embeddable":true,"href":"https:\/\/elcronistadigital.com\/index.php?rest_route=%2Fwp%2Fv2%2Fcomments&post=22319"}],"version-history":[{"count":3,"href":"https:\/\/elcronistadigital.com\/index.php?rest_route=\/wp\/v2\/posts\/22319\/revisions"}],"predecessor-version":[{"id":22323,"href":"https:\/\/elcronistadigital.com\/index.php?rest_route=\/wp\/v2\/posts\/22319\/revisions\/22323"}],"wp:featuredmedia":[{"embeddable":true,"href":"https:\/\/elcronistadigital.com\/index.php?rest_route=\/wp\/v2\/media\/22320"}],"wp:attachment":[{"href":"https:\/\/elcronistadigital.com\/index.php?rest_route=%2Fwp%2Fv2%2Fmedia&parent=22319"}],"wp:term":[{"taxonomy":"category","embeddable":true,"href":"https:\/\/elcronistadigital.com\/index.php?rest_route=%2Fwp%2Fv2%2Fcategories&post=22319"},{"taxonomy":"post_tag","embeddable":true,"href":"https:\/\/elcronistadigital.com\/index.php?rest_route=%2Fwp%2Fv2%2Ftags&post=22319"}],"curies":[{"name":"wp","href":"https:\/\/api.w.org\/{rel}","templated":true}]}}