{"id":22324,"date":"2013-08-28T19:38:54","date_gmt":"2013-08-29T01:38:54","guid":{"rendered":"http:\/\/elcronistadigital.com\/?p=22324"},"modified":"2013-08-28T19:38:54","modified_gmt":"2013-08-29T01:38:54","slug":"documental-smangus-en-festival-icaro-2013","status":"publish","type":"post","link":"https:\/\/elcronistadigital.com\/?p=22324","title":{"rendered":"Documental \u201cSmangus\u201d en Festival \u00cdcaro 2013"},"content":{"rendered":"<p><a href=\"https:\/\/elcronistadigital.com\/?attachment_id=22325\" rel=\"attachment wp-att-22325\"><img loading=\"lazy\" decoding=\"async\" class=\"alignleft size-medium wp-image-22325\" title=\"Pelis 1\" src=\"https:\/\/elcronistadigital.com\/wp-content\/uploads\/2013\/08\/Pelis-1-300x173.jpg\" alt=\"\" width=\"300\" height=\"173\" srcset=\"https:\/\/elcronistadigital.com\/wp-content\/uploads\/2013\/08\/Pelis-1-300x173.jpg 300w, https:\/\/elcronistadigital.com\/wp-content\/uploads\/2013\/08\/Pelis-1-342x197.jpg 342w, https:\/\/elcronistadigital.com\/wp-content\/uploads\/2013\/08\/Pelis-1.jpg 448w\" sizes=\"auto, (max-width: 300px) 100vw, 300px\" \/><\/a>* Una destacada producci\u00f3n taiwanesa ganadora de premios y menciones en otros cert\u00e1menes<\/p>\n<p>El documental taiwan\u00e9s de gran valor humano \u201cSmangus\u201d Un a\u00f1o en las Nubes, fue presentado dentro del Festival \u00cdcaro 2013, y muestra el diario vivir del grupo ind\u00edgenas llamado Atayal, pueblo originario de Taiw\u00e1n.<\/p>\n<p>La historia de Smangus lleva al p\u00fablico a las monta\u00f1as profundas de Taiw\u00e1n, para presenciar el paso de un a\u00f1o y estilo de vida de este grupo \u00e9tnico que se asemeja al ideal de una \u201ccomuna popular\u201d de la filosof\u00eda occidental. Su vida consiste en la pr\u00e1ctica del trabajo comunitario, el aprovechamiento colectivo de las cosechas, la administraci\u00f3n comunitaria y se comparten los \u00e9xitos comunes.<\/p>\n<p>Smangus fue producida por Taiwan Public Television Service (TPTS), ganadora de un premio en el Festival Internacional de Filmes Montana Cine, en la categor\u00eda de Documental Pueblos Ind\u00edgenas y Originarios, y una menci\u00f3n honor\u00edfica por valor educativo, por promover el conocimiento y la comprensi\u00f3n de la vida silvestre, los h\u00e1bitats, las personas y la naturaleza.<\/p>\n<p>La embajadora Ingrid Hsing afirm\u00f3 sentirse muy contenta de poder compartir con los nicarag\u00fcenses una noche especial a trav\u00e9s de la presentaci\u00f3n de la pel\u00edcula \u201cSmangus, a year in the clouds\u201d; producci\u00f3n taiwanesa que goza de valiosos reconocimientos, premios y menci\u00f3n honor\u00edfica.<\/p>\n<p><a href=\"https:\/\/elcronistadigital.com\/?attachment_id=22326\" rel=\"attachment wp-att-22326\"><img loading=\"lazy\" decoding=\"async\" class=\"alignright size-medium wp-image-22326\" title=\"Peli\" src=\"https:\/\/elcronistadigital.com\/wp-content\/uploads\/2013\/08\/Peli-300x224.jpg\" alt=\"\" width=\"300\" height=\"224\" srcset=\"https:\/\/elcronistadigital.com\/wp-content\/uploads\/2013\/08\/Peli-300x224.jpg 300w, https:\/\/elcronistadigital.com\/wp-content\/uploads\/2013\/08\/Peli-342x256.jpg 342w, https:\/\/elcronistadigital.com\/wp-content\/uploads\/2013\/08\/Peli-60x45.jpg 60w, https:\/\/elcronistadigital.com\/wp-content\/uploads\/2013\/08\/Peli-150x113.jpg 150w, https:\/\/elcronistadigital.com\/wp-content\/uploads\/2013\/08\/Peli-269x201.jpg 269w, https:\/\/elcronistadigital.com\/wp-content\/uploads\/2013\/08\/Peli.jpg 448w\" sizes=\"auto, (max-width: 300px) 100vw, 300px\" \/><\/a><\/p>\n<p>\u201cLa participaci\u00f3n de este documental en el Festival \u00cdcaro Nicaragua 2013, que es el evento cinematogr\u00e1fico m\u00e1s importante de Centroam\u00e9rica, brinda la oportunidad de mostrarles un poco los grandes logros que el s\u00e9ptimo arte ha alcanzado en Taiw\u00e1n\u201d, expres\u00f3 Hsing.<\/p>\n","protected":false},"excerpt":{"rendered":"<p>* Una destacada producci\u00f3n taiwanesa ganadora de premios y menciones en otros cert\u00e1menes El documental taiwan\u00e9s de gran valor humano \u201cSmangus\u201d Un a\u00f1o en las Nubes, fue presentado dentro del Festival \u00cdcaro 2013, y muestra el diario vivir del grupo ind\u00edgenas llamado Atayal, pueblo originario de Taiw\u00e1n. La historia de Smangus lleva al p\u00fablico a [&hellip;]<\/p>\n","protected":false},"author":1,"featured_media":22325,"comment_status":"open","ping_status":"open","sticky":false,"template":"","format":"standard","meta":{"om_disable_all_campaigns":false,"_monsterinsights_skip_tracking":false,"_monsterinsights_sitenote_active":false,"_monsterinsights_sitenote_note":"","_monsterinsights_sitenote_category":0,"footnotes":""},"categories":[3],"tags":[],"class_list":["post-22324","post","type-post","status-publish","format-standard","has-post-thumbnail","hentry","category-nacionales"],"aioseo_notices":[],"_links":{"self":[{"href":"https:\/\/elcronistadigital.com\/index.php?rest_route=\/wp\/v2\/posts\/22324","targetHints":{"allow":["GET"]}}],"collection":[{"href":"https:\/\/elcronistadigital.com\/index.php?rest_route=\/wp\/v2\/posts"}],"about":[{"href":"https:\/\/elcronistadigital.com\/index.php?rest_route=\/wp\/v2\/types\/post"}],"author":[{"embeddable":true,"href":"https:\/\/elcronistadigital.com\/index.php?rest_route=\/wp\/v2\/users\/1"}],"replies":[{"embeddable":true,"href":"https:\/\/elcronistadigital.com\/index.php?rest_route=%2Fwp%2Fv2%2Fcomments&post=22324"}],"version-history":[{"count":3,"href":"https:\/\/elcronistadigital.com\/index.php?rest_route=\/wp\/v2\/posts\/22324\/revisions"}],"predecessor-version":[{"id":22329,"href":"https:\/\/elcronistadigital.com\/index.php?rest_route=\/wp\/v2\/posts\/22324\/revisions\/22329"}],"wp:featuredmedia":[{"embeddable":true,"href":"https:\/\/elcronistadigital.com\/index.php?rest_route=\/wp\/v2\/media\/22325"}],"wp:attachment":[{"href":"https:\/\/elcronistadigital.com\/index.php?rest_route=%2Fwp%2Fv2%2Fmedia&parent=22324"}],"wp:term":[{"taxonomy":"category","embeddable":true,"href":"https:\/\/elcronistadigital.com\/index.php?rest_route=%2Fwp%2Fv2%2Fcategories&post=22324"},{"taxonomy":"post_tag","embeddable":true,"href":"https:\/\/elcronistadigital.com\/index.php?rest_route=%2Fwp%2Fv2%2Ftags&post=22324"}],"curies":[{"name":"wp","href":"https:\/\/api.w.org\/{rel}","templated":true}]}}