{"id":22330,"date":"2013-08-29T07:52:37","date_gmt":"2013-08-29T13:52:37","guid":{"rendered":"http:\/\/elcronistadigital.com\/?p=22330"},"modified":"2013-08-29T07:52:37","modified_gmt":"2013-08-29T13:52:37","slug":"nuevos-hallazgos-y-los-del-caso-monjitas-volveran-a-la-fiscalia","status":"publish","type":"post","link":"https:\/\/elcronistadigital.com\/?p=22330","title":{"rendered":"Nuevos hallazgos y los del caso monjitas volver\u00e1n a la Fiscal\u00eda"},"content":{"rendered":"<p><a href=\"https:\/\/elcronistadigital.com\/?attachment_id=22331\" rel=\"attachment wp-att-22331\"><img loading=\"lazy\" decoding=\"async\" class=\"alignright size-medium wp-image-22331\" title=\"empresas de maleta\" src=\"https:\/\/elcronistadigital.com\/wp-content\/uploads\/2013\/08\/empresas-de-maleta-300x143.jpg\" alt=\"\" width=\"300\" height=\"143\" srcset=\"https:\/\/elcronistadigital.com\/wp-content\/uploads\/2013\/08\/empresas-de-maleta-300x143.jpg 300w, https:\/\/elcronistadigital.com\/wp-content\/uploads\/2013\/08\/empresas-de-maleta.jpg 325w\" sizes=\"auto, (max-width: 300px) 100vw, 300px\" \/><\/a>* Benda\u00f1a, Montealegre y Paguaga temen que les caigan denuncias y demandas en serie<\/p>\n<p>Hay temor entre los socios de International Investments and Financial Services, Inc., \u00c1lvaro Montealegre Rivas, Roberto Benda\u00f1a McEwan y Hugo Paguaga, a que de repente se les venga una avalancha de demandas judiciales similares a la que les tienen planteadas las monjitas de la congregaci\u00f3n de Santa Teresita de Jes\u00fas.<\/p>\n<p>Paguaga, al rendir declaraci\u00f3n ante la Fiscal\u00eda, indic\u00f3 que ya hay gente que est\u00e1 inquieta, lo que fue corroborado el mi\u00e9rcoles por Montealegre, quien adelant\u00f3 que ya salieron a luz otros reclamos.<\/p>\n<p>\u201cHay otras personas que est\u00e1n reclamando\u201d, dijo el socio de Benda\u00f1a y Montealegre y agreg\u00f3 que podr\u00edan caerles demandas en serie. De ser as\u00ed, habr\u00eda que ver c\u00f3mo pagan a tanta gente, tomando en cuenta que no pudieron pagar a las monjitas del Teresiano y todo hace indicar que siguen buscando como ganar tiempo.<\/p>\n<p>A fin de ampliar las declaraciones debido a nuevos hallazgos, la Fiscal\u00eda volvi\u00f3 a citar para este viernes a Roberto Benda\u00f1a McEwean, mientras que \u00c1lvaro Montealegre Rivas comparecer\u00e1 el lunes pr\u00f3ximo y Paguaga el mi\u00e9rcoles.<\/p>\n","protected":false},"excerpt":{"rendered":"<p>* Benda\u00f1a, Montealegre y Paguaga temen que les caigan denuncias y demandas en serie Hay temor entre los socios de International Investments and Financial Services, Inc., \u00c1lvaro Montealegre Rivas, Roberto Benda\u00f1a McEwan y Hugo Paguaga, a que de repente se les venga una avalancha de demandas judiciales similares a la que les tienen planteadas las [&hellip;]<\/p>\n","protected":false},"author":1,"featured_media":22331,"comment_status":"open","ping_status":"open","sticky":false,"template":"","format":"standard","meta":{"om_disable_all_campaigns":false,"_monsterinsights_skip_tracking":false,"_monsterinsights_sitenote_active":false,"_monsterinsights_sitenote_note":"","_monsterinsights_sitenote_category":0,"footnotes":""},"categories":[3,13],"tags":[],"class_list":["post-22330","post","type-post","status-publish","format-standard","has-post-thumbnail","hentry","category-nacionales","category-portada"],"aioseo_notices":[],"_links":{"self":[{"href":"https:\/\/elcronistadigital.com\/index.php?rest_route=\/wp\/v2\/posts\/22330","targetHints":{"allow":["GET"]}}],"collection":[{"href":"https:\/\/elcronistadigital.com\/index.php?rest_route=\/wp\/v2\/posts"}],"about":[{"href":"https:\/\/elcronistadigital.com\/index.php?rest_route=\/wp\/v2\/types\/post"}],"author":[{"embeddable":true,"href":"https:\/\/elcronistadigital.com\/index.php?rest_route=\/wp\/v2\/users\/1"}],"replies":[{"embeddable":true,"href":"https:\/\/elcronistadigital.com\/index.php?rest_route=%2Fwp%2Fv2%2Fcomments&post=22330"}],"version-history":[{"count":3,"href":"https:\/\/elcronistadigital.com\/index.php?rest_route=\/wp\/v2\/posts\/22330\/revisions"}],"predecessor-version":[{"id":22334,"href":"https:\/\/elcronistadigital.com\/index.php?rest_route=\/wp\/v2\/posts\/22330\/revisions\/22334"}],"wp:featuredmedia":[{"embeddable":true,"href":"https:\/\/elcronistadigital.com\/index.php?rest_route=\/wp\/v2\/media\/22331"}],"wp:attachment":[{"href":"https:\/\/elcronistadigital.com\/index.php?rest_route=%2Fwp%2Fv2%2Fmedia&parent=22330"}],"wp:term":[{"taxonomy":"category","embeddable":true,"href":"https:\/\/elcronistadigital.com\/index.php?rest_route=%2Fwp%2Fv2%2Fcategories&post=22330"},{"taxonomy":"post_tag","embeddable":true,"href":"https:\/\/elcronistadigital.com\/index.php?rest_route=%2Fwp%2Fv2%2Ftags&post=22330"}],"curies":[{"name":"wp","href":"https:\/\/api.w.org\/{rel}","templated":true}]}}