{"id":22340,"date":"2013-08-29T08:28:36","date_gmt":"2013-08-29T14:28:36","guid":{"rendered":"http:\/\/elcronistadigital.com\/?p=22340"},"modified":"2013-08-29T08:28:37","modified_gmt":"2013-08-29T14:28:37","slug":"guatemala-preocupada-por-nuevos-canales","status":"publish","type":"post","link":"https:\/\/elcronistadigital.com\/?p=22340","title":{"rendered":"Guatemala preocupada por nuevos canales"},"content":{"rendered":"<div id=\"attachment_22341\" style=\"width: 310px\" class=\"wp-caption alignleft\"><a href=\"https:\/\/elcronistadigital.com\/?attachment_id=22341\" rel=\"attachment wp-att-22341\"><img loading=\"lazy\" decoding=\"async\" aria-describedby=\"caption-attachment-22341\" class=\"size-medium wp-image-22341\" title=\"congreso guatemala\" src=\"https:\/\/elcronistadigital.com\/wp-content\/uploads\/2013\/08\/congreso-guatemala-300x204.jpg\" alt=\"\" width=\"300\" height=\"204\" srcset=\"https:\/\/elcronistadigital.com\/wp-content\/uploads\/2013\/08\/congreso-guatemala-300x204.jpg 300w, https:\/\/elcronistadigital.com\/wp-content\/uploads\/2013\/08\/congreso-guatemala-342x232.jpg 342w, https:\/\/elcronistadigital.com\/wp-content\/uploads\/2013\/08\/congreso-guatemala.jpg 473w\" sizes=\"auto, (max-width: 300px) 100vw, 300px\" \/><\/a><p id=\"caption-attachment-22341\" class=\"wp-caption-text\">Congreso Mar\u00edtimo Portuario en Guatemala. (Foto: Prensa Libre).<\/p><\/div>\n<p>* Temen que la v\u00eda interoce\u00e1nica en Nicaragua y un posible canal seco en Honduras afecten la carga que reciben sus puertos<\/p>\n<p>Existe preocupaci\u00f3n en Guatemala por la construcci\u00f3n de un canal interoce\u00e1nico en Nicaragua y el anuncio de que tambi\u00e9n Honduras planea hacer uno basado en ferrocarriles que unan a trav\u00e9s de puertos los oc\u00e9anos Atl\u00e1ntico y Pac\u00edfico.<\/p>\n<p>Ese es el tema principal y que genera desaf\u00edos para el sector portuario guatemalteco que desde el mi\u00e9rcoles empez\u00f3 el VIII Congreso Mar\u00edtimo Portuario, seg\u00fan el diario Prensa Libre.<\/p>\n<p>\u201cDebemos responder a las demandas del comercio internacional para que la carga siga viniendo al pa\u00eds\u201d, refiri\u00f3 Ignacio De Wit, presidente de la Comisi\u00f3n Portuaria Nacional.<\/p>\n<p>El ejecutivo explic\u00f3 que existen proyectos importantes en Centroam\u00e9rica como la construcci\u00f3n de canales interoce\u00e1nicos, ampliaci\u00f3n de muelles y modernizaci\u00f3n que compiten con el pa\u00eds, lo cual pueden restar competitividad a Guatemala.<\/p>\n<p>El movimiento de carga mar\u00edtima de Guatemala no registr\u00f3 variaciones el a\u00f1o pasado, pues apenas creci\u00f3 0.90% respecto del 2011.<\/p>\n<p>En el 2012, en los puertos del pa\u00eds embarcaron y desembarcaron 18 millones 466 mil toneladas m\u00e9tricas (TM), y en el 2011 la cantidad fue de 18 millones 301 mil TM.<\/p>\n<p>Para este a\u00f1o, el sector calcula un crecimiento del 3% en el movimiento de carga que podr\u00eda llegar a 19 millones de TM.<\/p>\n<p>De enero a mayo de este a\u00f1o el sistema portuario registr\u00f3 9.1 millones de TM.<\/p>\n<p>Vinicio Marroqu\u00edn, asesor de intermediaci\u00f3n de la Empresa Portuaria Santo Tom\u00e1s de Castilla, explic\u00f3 que esa entidad calcula invertir 400 millones de quetzales en proyectos para mejorar sus servicios a partir del 2014.<\/p>\n","protected":false},"excerpt":{"rendered":"<p>* Temen que la v\u00eda interoce\u00e1nica en Nicaragua y un posible canal seco en Honduras afecten la carga que reciben sus puertos Existe preocupaci\u00f3n en Guatemala por la construcci\u00f3n de un canal interoce\u00e1nico en Nicaragua y el anuncio de que tambi\u00e9n Honduras planea hacer uno basado en ferrocarriles que unan a trav\u00e9s de puertos los [&hellip;]<\/p>\n","protected":false},"author":1,"featured_media":22341,"comment_status":"open","ping_status":"open","sticky":false,"template":"","format":"standard","meta":{"om_disable_all_campaigns":false,"_monsterinsights_skip_tracking":false,"_monsterinsights_sitenote_active":false,"_monsterinsights_sitenote_note":"","_monsterinsights_sitenote_category":0,"footnotes":""},"categories":[3],"tags":[],"class_list":["post-22340","post","type-post","status-publish","format-standard","has-post-thumbnail","hentry","category-nacionales"],"aioseo_notices":[],"_links":{"self":[{"href":"https:\/\/elcronistadigital.com\/index.php?rest_route=\/wp\/v2\/posts\/22340","targetHints":{"allow":["GET"]}}],"collection":[{"href":"https:\/\/elcronistadigital.com\/index.php?rest_route=\/wp\/v2\/posts"}],"about":[{"href":"https:\/\/elcronistadigital.com\/index.php?rest_route=\/wp\/v2\/types\/post"}],"author":[{"embeddable":true,"href":"https:\/\/elcronistadigital.com\/index.php?rest_route=\/wp\/v2\/users\/1"}],"replies":[{"embeddable":true,"href":"https:\/\/elcronistadigital.com\/index.php?rest_route=%2Fwp%2Fv2%2Fcomments&post=22340"}],"version-history":[{"count":3,"href":"https:\/\/elcronistadigital.com\/index.php?rest_route=\/wp\/v2\/posts\/22340\/revisions"}],"predecessor-version":[{"id":22344,"href":"https:\/\/elcronistadigital.com\/index.php?rest_route=\/wp\/v2\/posts\/22340\/revisions\/22344"}],"wp:featuredmedia":[{"embeddable":true,"href":"https:\/\/elcronistadigital.com\/index.php?rest_route=\/wp\/v2\/media\/22341"}],"wp:attachment":[{"href":"https:\/\/elcronistadigital.com\/index.php?rest_route=%2Fwp%2Fv2%2Fmedia&parent=22340"}],"wp:term":[{"taxonomy":"category","embeddable":true,"href":"https:\/\/elcronistadigital.com\/index.php?rest_route=%2Fwp%2Fv2%2Fcategories&post=22340"},{"taxonomy":"post_tag","embeddable":true,"href":"https:\/\/elcronistadigital.com\/index.php?rest_route=%2Fwp%2Fv2%2Ftags&post=22340"}],"curies":[{"name":"wp","href":"https:\/\/api.w.org\/{rel}","templated":true}]}}