{"id":22352,"date":"2013-08-29T11:17:39","date_gmt":"2013-08-29T17:17:39","guid":{"rendered":"http:\/\/elcronistadigital.com\/?p=22352"},"modified":"2013-08-29T11:17:39","modified_gmt":"2013-08-29T17:17:39","slug":"amanecer-del-camino-menos-transitado","status":"publish","type":"post","link":"https:\/\/elcronistadigital.com\/?p=22352","title":{"rendered":"Amanecer del camino menos transitado"},"content":{"rendered":"<div id=\"attachment_22353\" style=\"width: 190px\" class=\"wp-caption alignleft\"><a href=\"https:\/\/elcronistadigital.com\/?attachment_id=22353\" rel=\"attachment wp-att-22353\"><img loading=\"lazy\" decoding=\"async\" aria-describedby=\"caption-attachment-22353\" class=\"size-full wp-image-22353\" title=\"Diana Benavides2\" src=\"https:\/\/elcronistadigital.com\/wp-content\/uploads\/2013\/08\/Diana-Benavides2.jpg\" alt=\"\" width=\"180\" height=\"299\" \/><\/a><p id=\"caption-attachment-22353\" class=\"wp-caption-text\">Diana Benavides.<\/p><\/div>\n<p>Cast\u00edguenlo, cast\u00edguenlo por ser una amenaza para la corona de los hombres\u2026 m\u00e1tenlo, m\u00e1tenlo con furia. Las masas lo condenaban a la m\u00e1s grande de las injusticias. Y es que es preciso comprender que las masas no piensan, solo se conforman ante los designios y mandatos del m\u00e1s fuerte, por lo que la capacidad de pensar y transformar es posible solo para el individuo que se atreve a ser diferente. De esta manera, haciendo paso y dejando huellas sobre el camino menos transitado, cuyos estandartes son la fe y la esperanza.<\/p>\n<p>En el camino menos transitado los conceptos son cuestionados y las ideas desafiadas rescatando as\u00ed el alma de una zona de confort, donde solo el individuo que tiene el valor de vivir un minuto de vida con convicci\u00f3n y conciencia, es capaz de despojarse de toda una vida de inercia e inconsciencia sobre sus rodillas. \u00a1Pagar el precio por tal osad\u00eda ante lo establecido es un deber!<\/p>\n<p>No. \u00c9l no merec\u00eda tal muerte ni tal castigo, su \u00fanico pecado fue ser diferente y por ello fue crucificado. M\u00e1s si no fuera por su distinci\u00f3n y redenci\u00f3n t\u00fa y yo, no tendr\u00edamos la vida eterna. Y as\u00ed es la historia de todo aquel que naci\u00f3 para ser diferente y se atreve a iluminar el camino de las masas con la antorcha de la luz. Una inteligencia sobresaliente y personalidad compleja caracterizan al sapiente que ahonda los peligrosos y auspiciosos caminos de la vida; cuya misi\u00f3n y agenda es incomprendida por las mentes mediocres. Y es que razonar sin pasi\u00f3n, es sentido com\u00fan disfrazado&#8212; como lo es la pasi\u00f3n misma sin una noble causa.<\/p>\n<p>No permitas que la familiaridad de la tradici\u00f3n te convierta en ladr\u00f3n de tu propia inspiraci\u00f3n&#8212; neg\u00e1ndole a tu grandeza el ser de servicio para la humanidad. Abre tu mente y no te disculpes por embarcar en la magia y amanecer del camino menos transitado.<\/p>\n<p>Este escrito es propiedad y derechos reservados de su autora, Diana Benavides.<\/p>\n","protected":false},"excerpt":{"rendered":"<p>Cast\u00edguenlo, cast\u00edguenlo por ser una amenaza para la corona de los hombres\u2026 m\u00e1tenlo, m\u00e1tenlo con furia. Las masas lo condenaban a la m\u00e1s grande de las injusticias. Y es que es preciso comprender que las masas no piensan, solo se conforman ante los designios y mandatos del m\u00e1s fuerte, por lo que la capacidad de [&hellip;]<\/p>\n","protected":false},"author":1,"featured_media":22353,"comment_status":"open","ping_status":"open","sticky":false,"template":"","format":"standard","meta":{"om_disable_all_campaigns":false,"_monsterinsights_skip_tracking":false,"_monsterinsights_sitenote_active":false,"_monsterinsights_sitenote_note":"","_monsterinsights_sitenote_category":0,"footnotes":""},"categories":[12],"tags":[],"class_list":["post-22352","post","type-post","status-publish","format-standard","has-post-thumbnail","hentry","category-blugs"],"aioseo_notices":[],"_links":{"self":[{"href":"https:\/\/elcronistadigital.com\/index.php?rest_route=\/wp\/v2\/posts\/22352","targetHints":{"allow":["GET"]}}],"collection":[{"href":"https:\/\/elcronistadigital.com\/index.php?rest_route=\/wp\/v2\/posts"}],"about":[{"href":"https:\/\/elcronistadigital.com\/index.php?rest_route=\/wp\/v2\/types\/post"}],"author":[{"embeddable":true,"href":"https:\/\/elcronistadigital.com\/index.php?rest_route=\/wp\/v2\/users\/1"}],"replies":[{"embeddable":true,"href":"https:\/\/elcronistadigital.com\/index.php?rest_route=%2Fwp%2Fv2%2Fcomments&post=22352"}],"version-history":[{"count":3,"href":"https:\/\/elcronistadigital.com\/index.php?rest_route=\/wp\/v2\/posts\/22352\/revisions"}],"predecessor-version":[{"id":22356,"href":"https:\/\/elcronistadigital.com\/index.php?rest_route=\/wp\/v2\/posts\/22352\/revisions\/22356"}],"wp:featuredmedia":[{"embeddable":true,"href":"https:\/\/elcronistadigital.com\/index.php?rest_route=\/wp\/v2\/media\/22353"}],"wp:attachment":[{"href":"https:\/\/elcronistadigital.com\/index.php?rest_route=%2Fwp%2Fv2%2Fmedia&parent=22352"}],"wp:term":[{"taxonomy":"category","embeddable":true,"href":"https:\/\/elcronistadigital.com\/index.php?rest_route=%2Fwp%2Fv2%2Fcategories&post=22352"},{"taxonomy":"post_tag","embeddable":true,"href":"https:\/\/elcronistadigital.com\/index.php?rest_route=%2Fwp%2Fv2%2Ftags&post=22352"}],"curies":[{"name":"wp","href":"https:\/\/api.w.org\/{rel}","templated":true}]}}