{"id":22357,"date":"2013-08-29T11:37:28","date_gmt":"2013-08-29T17:37:28","guid":{"rendered":"http:\/\/elcronistadigital.com\/?p=22357"},"modified":"2013-08-29T11:37:28","modified_gmt":"2013-08-29T17:37:28","slug":"canciller-tico-actua-como-la-gata-famosa-del-cuento","status":"publish","type":"post","link":"https:\/\/elcronistadigital.com\/?p=22357","title":{"rendered":"Canciller tico act\u00faa como la gata famosa del cuento"},"content":{"rendered":"<div id=\"attachment_22358\" style=\"width: 305px\" class=\"wp-caption alignleft\"><a href=\"https:\/\/elcronistadigital.com\/?attachment_id=22358\" rel=\"attachment wp-att-22358\"><img loading=\"lazy\" decoding=\"async\" aria-describedby=\"caption-attachment-22358\" class=\"size-medium wp-image-22358\" title=\"enrique_castillo_canciller\" src=\"https:\/\/elcronistadigital.com\/wp-content\/uploads\/2013\/08\/enrique_castillo_canciller-295x300.jpg\" alt=\"\" width=\"295\" height=\"300\" srcset=\"https:\/\/elcronistadigital.com\/wp-content\/uploads\/2013\/08\/enrique_castillo_canciller-295x300.jpg 295w, https:\/\/elcronistadigital.com\/wp-content\/uploads\/2013\/08\/enrique_castillo_canciller-50x50.jpg 50w, https:\/\/elcronistadigital.com\/wp-content\/uploads\/2013\/08\/enrique_castillo_canciller-70x70.jpg 70w, https:\/\/elcronistadigital.com\/wp-content\/uploads\/2013\/08\/enrique_castillo_canciller-300x304.jpg 300w, https:\/\/elcronistadigital.com\/wp-content\/uploads\/2013\/08\/enrique_castillo_canciller-55x55.jpg 55w, https:\/\/elcronistadigital.com\/wp-content\/uploads\/2013\/08\/enrique_castillo_canciller.jpg 320w\" sizes=\"auto, (max-width: 295px) 100vw, 295px\" \/><\/a><p id=\"caption-attachment-22358\" class=\"wp-caption-text\">Enrique Castillo, canciller de Costa Rica.<\/p><\/div>\n<p>* Ve hostilidad de Nicaragua en cualquier acto de Daniel Ortega, como invitaci\u00f3n que hizo para que pa\u00eds vecino se integre al Parlacen<\/p>\n<p>Para el gobierno de Costa Rica la invitaci\u00f3n del presidente nicarag\u00fcense Daniel Ortega a integrarse al Parlamento Centromericano (Parlacen) es un gesto m\u00e1s de hostilidad.<\/p>\n<p>Ortega insisti\u00f3 el mi\u00e9rcoles \u2013durante la clausura de la XII Conferencia Centroamericana y del Caribe de Partidos Pol\u00edticos\u2013 en que el pa\u00eds se agrupe a ese \u00f3rgano regional.<\/p>\n<p>El canciller Enrique Castillo, afirm\u00f3 que Costa Rica de ninguna manera formar\u00e1 parte de ese \u00f3rgano.<\/p>\n<p>\u00ab(La invitaci\u00f3n) es un gesto m\u00e1s de hostilidad del presidente Ortega. Costa Rica se integrar\u00eda solo si hubiera una modificaci\u00f3n que la haga \u00fatil para la integraci\u00f3n centroamericana\u00bb, se\u00f1al\u00f3 Castillo.<\/p>\n<p>Agreg\u00f3 que Costa Rica discrepa con ese \u00f3rgano porque \u00abdeber\u00eda actuar como un foro de reflexi\u00f3n, sin tantos privilegios, costos para el sistema y sin inmunidad para sus miembros\u00bb.<\/p>\n<p>La invitaci\u00f3n surge en momentos en que ambas naciones se mantienen distanciadas por la pretensi\u00f3n de Nicaragua de reclamar como suya la provincia costarricense de Guanacaste.<\/p>\n<p>El Salvador, Guatemala, Honduras, Nicaragua, Panam\u00e1 y Rep\u00fablica Dominicana son las naciones que conforman ese \u00f3rgano regional.<\/p>\n","protected":false},"excerpt":{"rendered":"<p>* Ve hostilidad de Nicaragua en cualquier acto de Daniel Ortega, como invitaci\u00f3n que hizo para que pa\u00eds vecino se integre al Parlacen Para el gobierno de Costa Rica la invitaci\u00f3n del presidente nicarag\u00fcense Daniel Ortega a integrarse al Parlamento Centromericano (Parlacen) es un gesto m\u00e1s de hostilidad. Ortega insisti\u00f3 el mi\u00e9rcoles \u2013durante la clausura [&hellip;]<\/p>\n","protected":false},"author":1,"featured_media":22358,"comment_status":"open","ping_status":"open","sticky":false,"template":"","format":"standard","meta":{"om_disable_all_campaigns":false,"_monsterinsights_skip_tracking":false,"_monsterinsights_sitenote_active":false,"_monsterinsights_sitenote_note":"","_monsterinsights_sitenote_category":0,"footnotes":""},"categories":[3],"tags":[],"class_list":["post-22357","post","type-post","status-publish","format-standard","has-post-thumbnail","hentry","category-nacionales"],"aioseo_notices":[],"_links":{"self":[{"href":"https:\/\/elcronistadigital.com\/index.php?rest_route=\/wp\/v2\/posts\/22357","targetHints":{"allow":["GET"]}}],"collection":[{"href":"https:\/\/elcronistadigital.com\/index.php?rest_route=\/wp\/v2\/posts"}],"about":[{"href":"https:\/\/elcronistadigital.com\/index.php?rest_route=\/wp\/v2\/types\/post"}],"author":[{"embeddable":true,"href":"https:\/\/elcronistadigital.com\/index.php?rest_route=\/wp\/v2\/users\/1"}],"replies":[{"embeddable":true,"href":"https:\/\/elcronistadigital.com\/index.php?rest_route=%2Fwp%2Fv2%2Fcomments&post=22357"}],"version-history":[{"count":3,"href":"https:\/\/elcronistadigital.com\/index.php?rest_route=\/wp\/v2\/posts\/22357\/revisions"}],"predecessor-version":[{"id":22361,"href":"https:\/\/elcronistadigital.com\/index.php?rest_route=\/wp\/v2\/posts\/22357\/revisions\/22361"}],"wp:featuredmedia":[{"embeddable":true,"href":"https:\/\/elcronistadigital.com\/index.php?rest_route=\/wp\/v2\/media\/22358"}],"wp:attachment":[{"href":"https:\/\/elcronistadigital.com\/index.php?rest_route=%2Fwp%2Fv2%2Fmedia&parent=22357"}],"wp:term":[{"taxonomy":"category","embeddable":true,"href":"https:\/\/elcronistadigital.com\/index.php?rest_route=%2Fwp%2Fv2%2Fcategories&post=22357"},{"taxonomy":"post_tag","embeddable":true,"href":"https:\/\/elcronistadigital.com\/index.php?rest_route=%2Fwp%2Fv2%2Ftags&post=22357"}],"curies":[{"name":"wp","href":"https:\/\/api.w.org\/{rel}","templated":true}]}}