{"id":22362,"date":"2013-08-29T12:43:26","date_gmt":"2013-08-29T18:43:26","guid":{"rendered":"http:\/\/elcronistadigital.com\/?p=22362"},"modified":"2013-08-29T12:43:26","modified_gmt":"2013-08-29T18:43:26","slug":"santos-amaga-otra-vez-con-pronunciarse-sobre-fallo-de-la-haya","status":"publish","type":"post","link":"https:\/\/elcronistadigital.com\/?p=22362","title":{"rendered":"Santos \u201camaga\u201d otra vez con pronunciarse sobre fallo de La Haya"},"content":{"rendered":"<div id=\"attachment_22363\" style=\"width: 310px\" class=\"wp-caption alignleft\"><a href=\"https:\/\/elcronistadigital.com\/?attachment_id=22363\" rel=\"attachment wp-att-22363\"><img loading=\"lazy\" decoding=\"async\" aria-describedby=\"caption-attachment-22363\" class=\"size-full wp-image-22363\" title=\"Juan Manuel Santos\" src=\"https:\/\/elcronistadigital.com\/wp-content\/uploads\/2013\/08\/Juan-Manuel-Santos.jpg\" alt=\"\" width=\"300\" height=\"200\" \/><\/a><p id=\"caption-attachment-22363\" class=\"wp-caption-text\">Juan Manuel Santos, presidente de Colombia.<\/p><\/div>\n<p>* Busca tranquilizar a su pa\u00eds tras estallar huelga del sector agropecuario, a la que calific\u00f3 de \u201ctormenta\u201d al igual que decisi\u00f3n de la Corte Internacional de Justicia que devolvi\u00f3 aguas del mar Caribe a Nicaragua<\/p>\n<p>El presidente de Colombia, Juan Manuel Santos, confirm\u00f3 este jueves que en los pr\u00f3ximos d\u00edas se pronunciar\u00e1 sobre el fallo de la Corte Internacional de Justicia (CIJ) que le otorg\u00f3 a Nicaragua derechos econ\u00f3micos sobre 75.000 kil\u00f3metros cuadrados en el mar Caribe, sentencia que calific\u00f3 de \u00abtotalmente inesperada\u00bb.<\/p>\n<p>Santos se refiri\u00f3 al litigio con Nicaragua en una imprevista alocuci\u00f3n televisada desde la Casa de Nari\u00f1o, para referirse al clima de agitaci\u00f3n social que vive el pa\u00eds por la huelga del sector agropecuario, de la que dijo que es una \u00abtormenta\u00bb como otras que ha tenido que sortear su Gobierno, entre ellas el fallo de la CIJ de La Haya de noviembre de 2012.<\/p>\n<p>\u00abNos toc\u00f3 una tormenta totalmente inesperada que fue el fallo de la Corte Internacional de La Haya, pero de esa tormenta tambi\u00e9n vamos a salir adelante, en los pr\u00f3ximos d\u00edas nos vamos a pronunciar sobre ese punto en particular\u00bb, manifest\u00f3 el presidente.<\/p>\n<p>El fallo de la CIJ que redefini\u00f3 los l\u00edmites mar\u00edtimos entre las dos naciones, adem\u00e1s de otorgar a Nicaragua una inmensa porci\u00f3n de mar Caribe, confirm\u00f3 la soberan\u00eda de Colombia sobre siete cayos, dos de ellos enclavados, que hacen parte del archipi\u00e9lago de San Andr\u00e9s y Providencia.<\/p>\n<p>Desde que se anunci\u00f3 el fallo de la Corte, el Gobierno estudia los pasos a seguir en los tribunales y contrat\u00f3 a un equipo de abogados especialistas en derecho internacional que hasta la semana pasada lo asesoraron en esa materia.<\/p>\n<p>Las diferencias entre Colombia Nicaragua se han reavivado en las \u00faltimas semanas por la intenci\u00f3n del pa\u00eds centroamericano de adjudicar licencias para la explotaci\u00f3n de hidrocarburos en aguas del Caribe, de ampliar su plataforma continental y de construir un canal interoce\u00e1nico cuya concesi\u00f3n fue adjudicada a una empresa china.<\/p>\n","protected":false},"excerpt":{"rendered":"<p>* Busca tranquilizar a su pa\u00eds tras estallar huelga del sector agropecuario, a la que calific\u00f3 de \u201ctormenta\u201d al igual que decisi\u00f3n de la Corte Internacional de Justicia que devolvi\u00f3 aguas del mar Caribe a Nicaragua El presidente de Colombia, Juan Manuel Santos, confirm\u00f3 este jueves que en los pr\u00f3ximos d\u00edas se pronunciar\u00e1 sobre el [&hellip;]<\/p>\n","protected":false},"author":1,"featured_media":22363,"comment_status":"open","ping_status":"open","sticky":false,"template":"","format":"standard","meta":{"om_disable_all_campaigns":false,"_monsterinsights_skip_tracking":false,"_monsterinsights_sitenote_active":false,"_monsterinsights_sitenote_note":"","_monsterinsights_sitenote_category":0,"footnotes":""},"categories":[15],"tags":[],"class_list":["post-22362","post","type-post","status-publish","format-standard","has-post-thumbnail","hentry","category-politca"],"aioseo_notices":[],"_links":{"self":[{"href":"https:\/\/elcronistadigital.com\/index.php?rest_route=\/wp\/v2\/posts\/22362","targetHints":{"allow":["GET"]}}],"collection":[{"href":"https:\/\/elcronistadigital.com\/index.php?rest_route=\/wp\/v2\/posts"}],"about":[{"href":"https:\/\/elcronistadigital.com\/index.php?rest_route=\/wp\/v2\/types\/post"}],"author":[{"embeddable":true,"href":"https:\/\/elcronistadigital.com\/index.php?rest_route=\/wp\/v2\/users\/1"}],"replies":[{"embeddable":true,"href":"https:\/\/elcronistadigital.com\/index.php?rest_route=%2Fwp%2Fv2%2Fcomments&post=22362"}],"version-history":[{"count":3,"href":"https:\/\/elcronistadigital.com\/index.php?rest_route=\/wp\/v2\/posts\/22362\/revisions"}],"predecessor-version":[{"id":22366,"href":"https:\/\/elcronistadigital.com\/index.php?rest_route=\/wp\/v2\/posts\/22362\/revisions\/22366"}],"wp:featuredmedia":[{"embeddable":true,"href":"https:\/\/elcronistadigital.com\/index.php?rest_route=\/wp\/v2\/media\/22363"}],"wp:attachment":[{"href":"https:\/\/elcronistadigital.com\/index.php?rest_route=%2Fwp%2Fv2%2Fmedia&parent=22362"}],"wp:term":[{"taxonomy":"category","embeddable":true,"href":"https:\/\/elcronistadigital.com\/index.php?rest_route=%2Fwp%2Fv2%2Fcategories&post=22362"},{"taxonomy":"post_tag","embeddable":true,"href":"https:\/\/elcronistadigital.com\/index.php?rest_route=%2Fwp%2Fv2%2Ftags&post=22362"}],"curies":[{"name":"wp","href":"https:\/\/api.w.org\/{rel}","templated":true}]}}