{"id":22367,"date":"2013-08-29T14:42:03","date_gmt":"2013-08-29T20:42:03","guid":{"rendered":"http:\/\/elcronistadigital.com\/?p=22367"},"modified":"2013-08-29T14:42:03","modified_gmt":"2013-08-29T20:42:03","slug":"357-muertos-por-accidentes-violentos-en-las-carreteras","status":"publish","type":"post","link":"https:\/\/elcronistadigital.com\/?p=22367","title":{"rendered":"357 muertos por accidentes violentos en las carreteras"},"content":{"rendered":"<p><a href=\"https:\/\/elcronistadigital.com\/?attachment_id=22368\" rel=\"attachment wp-att-22368\"><img loading=\"lazy\" decoding=\"async\" class=\"alignleft size-medium wp-image-22368\" title=\"Accidente_de_Transito\" src=\"https:\/\/elcronistadigital.com\/wp-content\/uploads\/2013\/08\/Accidente_de_Transito-300x204.jpg\" alt=\"\" width=\"300\" height=\"204\" srcset=\"https:\/\/elcronistadigital.com\/wp-content\/uploads\/2013\/08\/Accidente_de_Transito-300x204.jpg 300w, https:\/\/elcronistadigital.com\/wp-content\/uploads\/2013\/08\/Accidente_de_Transito-342x233.jpg 342w, https:\/\/elcronistadigital.com\/wp-content\/uploads\/2013\/08\/Accidente_de_Transito.jpg 440w\" sizes=\"auto, (max-width: 300px) 100vw, 300px\" \/><\/a>* 2,908 lesionados entre enero y el 26 de agosto, en una epidemia que se ha constituido en la cuarta causa de muerte en Nicaragua<\/p>\n<p>Un total de357 personas perdieron la vida en accidentes de tr\u00e1nsito entre enero y el 26 de agosto pasado, de acuerdo a cifras brindadas por la Polic\u00eda Nacional.<\/p>\n<p>La agencia Prensa Latina consider\u00f3 que las v\u00edas de Nicaragua enfrentan una fuerte epidemia debido a los 74 accidentes diarios registrados como promedio de enero a junio de 2013, cifra similar a la de igual per\u00edodo del a\u00f1o precedente.<\/p>\n<p>La Direcci\u00f3n Nacional de Tr\u00e1nsito de la Polic\u00eda Nacional atribuy\u00f3 a la imprudencia de peatones y conductores la persistencia de esa problem\u00e1tica, que constituye la cuarta causa de mortalidad en este pa\u00eds y la primera entre j\u00f3venes de 16 a 35 a\u00f1os de edad.<br \/>\nPese a que la peligrosidad vial disminuy\u00f3 en un 21 por ciento respecto a la misma etapa de 2012, seg\u00fan un informe de esa instancia, hasta el pasado 26 de agosto ocurrieron 14 mil 334 accidentes con da\u00f1os materiales y dos mil 255 con v\u00edctimas, entre ellas 357 muertos y dos mil 908 lesionados.<\/p>\n<p>En comparaci\u00f3n con el a\u00f1o pasado hubo 79 muertos y 92 lesionados menos, pero sigue siendo inaceptable esa incidencia tan elevada de las tragedias viales, de acuerdo con el documento.<\/p>\n<p>La mayor\u00eda de esos choques ocurren en Managua, que es donde est\u00e1 concentrado el 68 por ciento del parque vehicular en este pa\u00eds centroamericano.<\/p>\n<p>Para el comisionado Edgard S\u00e1nchez, jefe de Prevenci\u00f3n y Seguridad Vial, es importante destacar que los accidentes de m\u00e1s gravedad disminuyeron debido en buena medida al fortalecimiento de la educaci\u00f3n en ese sentido, reflejado en el menor n\u00famero de peatones muertos.<\/p>\n<p>Esta semana que comienza est\u00e1 previsto que inicie la quinta jornada de educaci\u00f3n vial en las escuelas, en tanto en la Comisi\u00f3n de la Paz, Defensa, Gobernaci\u00f3n y Derechos Humanos de la Asamblea Nacional estudian una reforma a la Ley de Tr\u00e1nsito, que planea aumentar el valor de las multas.<\/p>\n","protected":false},"excerpt":{"rendered":"<p>* 2,908 lesionados entre enero y el 26 de agosto, en una epidemia que se ha constituido en la cuarta causa de muerte en Nicaragua Un total de357 personas perdieron la vida en accidentes de tr\u00e1nsito entre enero y el 26 de agosto pasado, de acuerdo a cifras brindadas por la Polic\u00eda Nacional. La agencia [&hellip;]<\/p>\n","protected":false},"author":1,"featured_media":22368,"comment_status":"open","ping_status":"open","sticky":false,"template":"","format":"standard","meta":{"om_disable_all_campaigns":false,"_monsterinsights_skip_tracking":false,"_monsterinsights_sitenote_active":false,"_monsterinsights_sitenote_note":"","_monsterinsights_sitenote_category":0,"footnotes":""},"categories":[3,13],"tags":[],"class_list":["post-22367","post","type-post","status-publish","format-standard","has-post-thumbnail","hentry","category-nacionales","category-portada"],"aioseo_notices":[],"_links":{"self":[{"href":"https:\/\/elcronistadigital.com\/index.php?rest_route=\/wp\/v2\/posts\/22367","targetHints":{"allow":["GET"]}}],"collection":[{"href":"https:\/\/elcronistadigital.com\/index.php?rest_route=\/wp\/v2\/posts"}],"about":[{"href":"https:\/\/elcronistadigital.com\/index.php?rest_route=\/wp\/v2\/types\/post"}],"author":[{"embeddable":true,"href":"https:\/\/elcronistadigital.com\/index.php?rest_route=\/wp\/v2\/users\/1"}],"replies":[{"embeddable":true,"href":"https:\/\/elcronistadigital.com\/index.php?rest_route=%2Fwp%2Fv2%2Fcomments&post=22367"}],"version-history":[{"count":3,"href":"https:\/\/elcronistadigital.com\/index.php?rest_route=\/wp\/v2\/posts\/22367\/revisions"}],"predecessor-version":[{"id":22371,"href":"https:\/\/elcronistadigital.com\/index.php?rest_route=\/wp\/v2\/posts\/22367\/revisions\/22371"}],"wp:featuredmedia":[{"embeddable":true,"href":"https:\/\/elcronistadigital.com\/index.php?rest_route=\/wp\/v2\/media\/22368"}],"wp:attachment":[{"href":"https:\/\/elcronistadigital.com\/index.php?rest_route=%2Fwp%2Fv2%2Fmedia&parent=22367"}],"wp:term":[{"taxonomy":"category","embeddable":true,"href":"https:\/\/elcronistadigital.com\/index.php?rest_route=%2Fwp%2Fv2%2Fcategories&post=22367"},{"taxonomy":"post_tag","embeddable":true,"href":"https:\/\/elcronistadigital.com\/index.php?rest_route=%2Fwp%2Fv2%2Ftags&post=22367"}],"curies":[{"name":"wp","href":"https:\/\/api.w.org\/{rel}","templated":true}]}}