{"id":22382,"date":"2013-08-29T16:03:35","date_gmt":"2013-08-29T22:03:35","guid":{"rendered":"http:\/\/elcronistadigital.com\/?p=22382"},"modified":"2013-08-29T16:03:35","modified_gmt":"2013-08-29T22:03:35","slug":"salon-de-audiovisuales-para-ninos-con-capacidades-especiales","status":"publish","type":"post","link":"https:\/\/elcronistadigital.com\/?p=22382","title":{"rendered":"Sal\u00f3n de audiovisuales para ni\u00f1os con capacidades especiales"},"content":{"rendered":"<p><a href=\"https:\/\/elcronistadigital.com\/?attachment_id=22383\" rel=\"attachment wp-att-22383\"><img loading=\"lazy\" decoding=\"async\" class=\"alignleft size-medium wp-image-22383\" title=\"Escuela Melania Lacayo\" src=\"https:\/\/elcronistadigital.com\/wp-content\/uploads\/2013\/08\/Escuela-Melania-Lacayo-300x224.jpg\" alt=\"\" width=\"300\" height=\"224\" srcset=\"https:\/\/elcronistadigital.com\/wp-content\/uploads\/2013\/08\/Escuela-Melania-Lacayo-300x224.jpg 300w, https:\/\/elcronistadigital.com\/wp-content\/uploads\/2013\/08\/Escuela-Melania-Lacayo-342x256.jpg 342w, https:\/\/elcronistadigital.com\/wp-content\/uploads\/2013\/08\/Escuela-Melania-Lacayo-60x45.jpg 60w, https:\/\/elcronistadigital.com\/wp-content\/uploads\/2013\/08\/Escuela-Melania-Lacayo-150x113.jpg 150w, https:\/\/elcronistadigital.com\/wp-content\/uploads\/2013\/08\/Escuela-Melania-Lacayo-269x201.jpg 269w, https:\/\/elcronistadigital.com\/wp-content\/uploads\/2013\/08\/Escuela-Melania-Lacayo.jpg 448w\" sizes=\"auto, (max-width: 300px) 100vw, 300px\" \/><\/a>Los ni\u00f1os de la Escuela Melania Lacayo Cuadra, tienen a partir de este jueves un nuevo sal\u00f3n de audiovisuales que les brindar\u00e1 mejores condiciones para fortalecer sus habilidades y destrezas, y desarrollar sus capacidades especiales, gracias al apoyo solidario de Cargill de Nicaragua S.A. y sus Asociados.<\/p>\n<p>La remodelaci\u00f3n del pabell\u00f3n donde funcionar\u00e1 el sal\u00f3n para atender a unos 100 ni\u00f1os de entre 5 y 18 a\u00f1os, incluy\u00f3 la instalaci\u00f3n del techo, el cielo raso, del piso y la pintura de las paredes, destac\u00f3 Dagoberto Malag\u00f3n, gerente general de Cargill Nutrici\u00f3n Animal, que opera en Masaya y que se dedica a la producci\u00f3n de alimentos balanceados para la industria de animales de engorde y dom\u00e9sticos.<\/p>\n<p>Malag\u00f3n expres\u00f3 que Cargill Nutrici\u00f3n Animal mantiene un constante apoyo a la educaci\u00f3n y como parte de su programa de responsabilidad social ha desarrollado diferentes proyectos en la Escuela Melania Lacayo.<\/p>\n<p>La Escuela Melania Lacayo Cuadra est\u00e1 orientada a la educaci\u00f3n de ni\u00f1os con capacidades especiales como autismo, s\u00edndrome de Down, par\u00e1lisis cerebral, retardo mental, ceguera y problemas de habla y audici\u00f3n. Actualmente atienden a 117 ni\u00f1os de entre 5 y 18 a\u00f1os.<\/p>\n<p>El nuevo sal\u00f3n denominado \u201cUn Lugar para ti\u201d fue equipado con un televisor, DVD, teatro en casa y colchonetas, gracias a la labor de todos los Asociados de Cargill Nutrici\u00f3n Animal, que en sus tiempos libres participaron en jornada de voluntariado apoyando en las tareas de rehabilitaci\u00f3n del pabell\u00f3n.<\/p>\n<p>Este sal\u00f3n ser\u00e1 usado para estimular a los ni\u00f1os a trav\u00e9s de musicoterapia y la presentaci\u00f3n de videos documentales educativos.<\/p>\n<p>El ingeniero Alfredo V\u00e9lez, vicepresidente corporativo de Cargill de Nicaragua S.A. record\u00f3 que en Cargill desarrollan una serie de actividades que van desde apadrinamiento de escuelas, meriendas escolares, alianzas estrat\u00e9gicas como parte de un conjunto de acciones de responsabilidad social empresarial.<\/p>\n<p>Al acto de inauguraci\u00f3n del nuevo sal\u00f3n audiovisual asistieron directivos de la Asociaci\u00f3n de Damas Salesianas, el delegado municipal del Ministerio de Educaci\u00f3n, licenciado Guillermo Mart\u00ednez, representantes del Comit\u00e9 de Padres de Familia, entre otros invitados especiales.<\/p>\n","protected":false},"excerpt":{"rendered":"<p>Los ni\u00f1os de la Escuela Melania Lacayo Cuadra, tienen a partir de este jueves un nuevo sal\u00f3n de audiovisuales que les brindar\u00e1 mejores condiciones para fortalecer sus habilidades y destrezas, y desarrollar sus capacidades especiales, gracias al apoyo solidario de Cargill de Nicaragua S.A. y sus Asociados. La remodelaci\u00f3n del pabell\u00f3n donde funcionar\u00e1 el sal\u00f3n [&hellip;]<\/p>\n","protected":false},"author":1,"featured_media":22383,"comment_status":"open","ping_status":"open","sticky":false,"template":"","format":"standard","meta":{"om_disable_all_campaigns":false,"_monsterinsights_skip_tracking":false,"_monsterinsights_sitenote_active":false,"_monsterinsights_sitenote_note":"","_monsterinsights_sitenote_category":0,"footnotes":""},"categories":[15],"tags":[],"class_list":["post-22382","post","type-post","status-publish","format-standard","has-post-thumbnail","hentry","category-politca"],"aioseo_notices":[],"_links":{"self":[{"href":"https:\/\/elcronistadigital.com\/index.php?rest_route=\/wp\/v2\/posts\/22382","targetHints":{"allow":["GET"]}}],"collection":[{"href":"https:\/\/elcronistadigital.com\/index.php?rest_route=\/wp\/v2\/posts"}],"about":[{"href":"https:\/\/elcronistadigital.com\/index.php?rest_route=\/wp\/v2\/types\/post"}],"author":[{"embeddable":true,"href":"https:\/\/elcronistadigital.com\/index.php?rest_route=\/wp\/v2\/users\/1"}],"replies":[{"embeddable":true,"href":"https:\/\/elcronistadigital.com\/index.php?rest_route=%2Fwp%2Fv2%2Fcomments&post=22382"}],"version-history":[{"count":3,"href":"https:\/\/elcronistadigital.com\/index.php?rest_route=\/wp\/v2\/posts\/22382\/revisions"}],"predecessor-version":[{"id":22386,"href":"https:\/\/elcronistadigital.com\/index.php?rest_route=\/wp\/v2\/posts\/22382\/revisions\/22386"}],"wp:featuredmedia":[{"embeddable":true,"href":"https:\/\/elcronistadigital.com\/index.php?rest_route=\/wp\/v2\/media\/22383"}],"wp:attachment":[{"href":"https:\/\/elcronistadigital.com\/index.php?rest_route=%2Fwp%2Fv2%2Fmedia&parent=22382"}],"wp:term":[{"taxonomy":"category","embeddable":true,"href":"https:\/\/elcronistadigital.com\/index.php?rest_route=%2Fwp%2Fv2%2Fcategories&post=22382"},{"taxonomy":"post_tag","embeddable":true,"href":"https:\/\/elcronistadigital.com\/index.php?rest_route=%2Fwp%2Fv2%2Ftags&post=22382"}],"curies":[{"name":"wp","href":"https:\/\/api.w.org\/{rel}","templated":true}]}}