{"id":22411,"date":"2013-08-29T17:49:59","date_gmt":"2013-08-29T23:49:59","guid":{"rendered":"http:\/\/elcronistadigital.com\/?p=22411"},"modified":"2013-08-29T17:49:59","modified_gmt":"2013-08-29T23:49:59","slug":"gran-noche-de-intercambio-cultural-entre-taiwan-y-nicaragua","status":"publish","type":"post","link":"https:\/\/elcronistadigital.com\/?p=22411","title":{"rendered":"Gran noche de intercambio cultural entre Taiw\u00e1n y Nicaragua"},"content":{"rendered":"<p><a href=\"https:\/\/elcronistadigital.com\/?attachment_id=22412\" rel=\"attachment wp-att-22412\"><img loading=\"lazy\" decoding=\"async\" class=\"alignleft size-full wp-image-22412\" title=\"Danza del Palo de Mayo\" src=\"https:\/\/elcronistadigital.com\/wp-content\/uploads\/2013\/08\/Danza-del-Palo-de-Mayo.jpg\" alt=\"\" width=\"448\" height=\"299\" srcset=\"https:\/\/elcronistadigital.com\/wp-content\/uploads\/2013\/08\/Danza-del-Palo-de-Mayo.jpg 448w, https:\/\/elcronistadigital.com\/wp-content\/uploads\/2013\/08\/Danza-del-Palo-de-Mayo-300x200.jpg 300w, https:\/\/elcronistadigital.com\/wp-content\/uploads\/2013\/08\/Danza-del-Palo-de-Mayo-342x228.jpg 342w\" sizes=\"auto, (max-width: 448px) 100vw, 448px\" \/><\/a>La noche de intercambio cultural con la que se clausura la visita de los J\u00f3venes Embajadores de la Amistad de Taiw\u00e1n a Nicaragua, estuvo llena de derroche art\u00edstico y humano, donde ambos pa\u00edses promovieron lo mejor de su cultura, pero sobre todo se reforzaron y fortalecieron los lazos de amistad y cooperaci\u00f3n.<\/p>\n<p>La actividad estuvo presidida por la embajadora de la Rep\u00fablica de China (Taiw\u00e1n), Sra. Ingrid Y. W. Hsing y el Secretario general del Ministerio de la Juventud (Minjuve), Filem\u00f3n G\u00e1mez. Tambi\u00e9n disfrutaron de esta gala miembros de la Asamblea Nacional, de la C\u00e1mara de Comercio Taiwanesa-Nicarag\u00fcense, invitados especiales y m\u00e1s de 300 espectadores.<\/p>\n<p>Los j\u00f3venes taiwaneses realizaron una presentaci\u00f3n art\u00edstica donde se mezclaron ritmos tradicionales con modernos y donde la armon\u00eda de ambos estuvo llena de vigor y alegr\u00eda. Por su parte, los j\u00f3venes del Minjuve ejecutaron tres bailes muy tradicionales de la regi\u00f3n Pacifica y Atl\u00e1ntica de Nicaragua.<\/p>\n<p>La embajadora Hsing agradeci\u00f3 profundamente a todas las instituciones que han colaborado estrechamente con la delegaci\u00f3n de J\u00f3venes Embajadores Universitarios. \u201cSin el firme y solidario apoyo, la visita y misi\u00f3n desempe\u00f1ada por dicha delegaci\u00f3n no hubiera sido un \u00e9xito\u201d, asegur\u00f3 la diplom\u00e1tica.<\/p>\n<p><a href=\"https:\/\/elcronistadigital.com\/?attachment_id=22413\" rel=\"attachment wp-att-22413\"><img loading=\"lazy\" decoding=\"async\" class=\"alignright size-full wp-image-22413\" title=\"Danza de los Abanicos con Tai Chi\" src=\"https:\/\/elcronistadigital.com\/wp-content\/uploads\/2013\/08\/Danza-de-los-Abanicos-con-Tai-Chi.jpg\" alt=\"\" width=\"448\" height=\"299\" srcset=\"https:\/\/elcronistadigital.com\/wp-content\/uploads\/2013\/08\/Danza-de-los-Abanicos-con-Tai-Chi.jpg 448w, https:\/\/elcronistadigital.com\/wp-content\/uploads\/2013\/08\/Danza-de-los-Abanicos-con-Tai-Chi-300x200.jpg 300w, https:\/\/elcronistadigital.com\/wp-content\/uploads\/2013\/08\/Danza-de-los-Abanicos-con-Tai-Chi-342x228.jpg 342w\" sizes=\"auto, (max-width: 448px) 100vw, 448px\" \/><\/a><\/p>\n<p>Por su parte, G\u00e1mez coment\u00f3 que este tipo de intercambio permite que tanto los j\u00f3venes de Taiw\u00e1n como los de Nicaragua, puedan conocer un poco m\u00e1s de su cultura y educaci\u00f3n, as\u00ed como el fortalecer los lazos de amistad que d\u00eda a d\u00eda son m\u00e1s grandes.<\/p>\n<p>Tambi\u00e9n agradeci\u00f3 a Taiw\u00e1n por esta oportunidad y por toda la cooperaci\u00f3n y solidaridad que siempre le ha dedicado al pueblo de Nicaragua.<\/p>\n","protected":false},"excerpt":{"rendered":"<p>La noche de intercambio cultural con la que se clausura la visita de los J\u00f3venes Embajadores de la Amistad de Taiw\u00e1n a Nicaragua, estuvo llena de derroche art\u00edstico y humano, donde ambos pa\u00edses promovieron lo mejor de su cultura, pero sobre todo se reforzaron y fortalecieron los lazos de amistad y cooperaci\u00f3n. La actividad estuvo [&hellip;]<\/p>\n","protected":false},"author":1,"featured_media":22412,"comment_status":"open","ping_status":"open","sticky":false,"template":"","format":"standard","meta":{"om_disable_all_campaigns":false,"_monsterinsights_skip_tracking":false,"_monsterinsights_sitenote_active":false,"_monsterinsights_sitenote_note":"","_monsterinsights_sitenote_category":0,"footnotes":""},"categories":[3],"tags":[],"class_list":["post-22411","post","type-post","status-publish","format-standard","has-post-thumbnail","hentry","category-nacionales"],"aioseo_notices":[],"_links":{"self":[{"href":"https:\/\/elcronistadigital.com\/index.php?rest_route=\/wp\/v2\/posts\/22411","targetHints":{"allow":["GET"]}}],"collection":[{"href":"https:\/\/elcronistadigital.com\/index.php?rest_route=\/wp\/v2\/posts"}],"about":[{"href":"https:\/\/elcronistadigital.com\/index.php?rest_route=\/wp\/v2\/types\/post"}],"author":[{"embeddable":true,"href":"https:\/\/elcronistadigital.com\/index.php?rest_route=\/wp\/v2\/users\/1"}],"replies":[{"embeddable":true,"href":"https:\/\/elcronistadigital.com\/index.php?rest_route=%2Fwp%2Fv2%2Fcomments&post=22411"}],"version-history":[{"count":3,"href":"https:\/\/elcronistadigital.com\/index.php?rest_route=\/wp\/v2\/posts\/22411\/revisions"}],"predecessor-version":[{"id":22416,"href":"https:\/\/elcronistadigital.com\/index.php?rest_route=\/wp\/v2\/posts\/22411\/revisions\/22416"}],"wp:featuredmedia":[{"embeddable":true,"href":"https:\/\/elcronistadigital.com\/index.php?rest_route=\/wp\/v2\/media\/22412"}],"wp:attachment":[{"href":"https:\/\/elcronistadigital.com\/index.php?rest_route=%2Fwp%2Fv2%2Fmedia&parent=22411"}],"wp:term":[{"taxonomy":"category","embeddable":true,"href":"https:\/\/elcronistadigital.com\/index.php?rest_route=%2Fwp%2Fv2%2Fcategories&post=22411"},{"taxonomy":"post_tag","embeddable":true,"href":"https:\/\/elcronistadigital.com\/index.php?rest_route=%2Fwp%2Fv2%2Ftags&post=22411"}],"curies":[{"name":"wp","href":"https:\/\/api.w.org\/{rel}","templated":true}]}}