{"id":22417,"date":"2013-08-30T08:55:18","date_gmt":"2013-08-30T14:55:18","guid":{"rendered":"http:\/\/elcronistadigital.com\/?p=22417"},"modified":"2013-08-30T08:55:18","modified_gmt":"2013-08-30T14:55:18","slug":"la-del-cuento-chino-regresa-y-azuza-contra-nicaragua","status":"publish","type":"post","link":"https:\/\/elcronistadigital.com\/?p=22417","title":{"rendered":"La del \u201ccuento chino\u201d regresa y azuza contra Nicaragua"},"content":{"rendered":"<div id=\"attachment_22418\" style=\"width: 138px\" class=\"wp-caption alignright\"><a href=\"https:\/\/elcronistadigital.com\/?attachment_id=22418\" rel=\"attachment wp-att-22418\"><img loading=\"lazy\" decoding=\"async\" aria-describedby=\"caption-attachment-22418\" class=\"size-full wp-image-22418\" title=\"Nohem\u00ed San\u00edn\" src=\"https:\/\/elcronistadigital.com\/wp-content\/uploads\/2013\/08\/Nohem\u00ed-San\u00edn.jpg\" alt=\"\" width=\"128\" height=\"65\" \/><\/a><p id=\"caption-attachment-22418\" class=\"wp-caption-text\">Nohem\u00ed San\u00edn, ex cancillera de Colombia.<\/p><\/div>\n<p>* No siente verg\u00fcenza por los disparates que dijo y public\u00f3 en contra de una jueza de la Corte Internacional de Justicia<\/p>\n<p>La ex canciller Noem\u00ed San\u00edn alert\u00f3 sobre la delantera que tom\u00f3 Nicaragua de interponer, ante organismos internacionales, acciones para que se le reconozca la parte de Seaflower que considera le corresponde, luego del fallo de la Corte Internacional de Justicia de La Haya, que le otorg\u00f3 parte del mar territorial que pertenec\u00eda a Colombia.<\/p>\n<p>De acuerdo con San\u00edn, Colombia debe interponer cu\u00e1nto antes demandas extraordinarias de interpretaci\u00f3n y revisi\u00f3n ante dicha Corte \u201ctendientes a mantener los derechos soberanos que hist\u00f3ricamente ha venido ejerciendo en nuestro Mar Caribe\u201d.<\/p>\n<p>Para la excanciller, Nicaragua tom\u00f3 nuevamente la delantera en este conflicto lim\u00edtrofe al solicitar ante la Unesco el reconocimiento de parte de la Seaflower a la que considera que tiene derecho. En 2001, este organismo internacional declar\u00f3 el Archipi\u00e9lago de San Andr\u00e9s, Providencia y Santa Catalina como Reserva de Bi\u00f3sfera marina \u201cSeaflower\u201d. Ahora Nicaragua est\u00e1 reclamando su parte en esta reserva.<\/p>\n<p>San\u00edn exhort\u00f3 a la Gobierno Nacional para que no aplace las acciones jur\u00eddicas a tomar pues \u201clas v\u00edas de hecho de Nicaragua pueden llegar a afectar las buenas relaciones que siempre han distinguido a los dos pa\u00edses y a poner en riesgo la defensa de nuestro mar\u201d.<\/p>\n<p>Entre tanto, la excanciller anunci\u00f3 que aceptar\u00eda la invitaci\u00f3n del Partido Conservador de exponer su tesis sobre el conflicto con Nicaragua, haciendo un aporte netamente acad\u00e9mico pues \u201clas decisiones a tomar respecto del fallo de la Haya, son del exclusivo resorte del Gobierno Nacional.<\/p>\n<p>La decisi\u00f3n de San\u00edn se produce luego de que el Partido Conservador anunciara este mi\u00e9rcoles que adelantar\u00e1 una moci\u00f3n de censura en contra de la Canciller, Mar\u00eda \u00c1ngela Holgu\u00edn, por su responsabilidad en la p\u00e9rdida de soberan\u00eda sobre una porci\u00f3n de mar territorial en el litigio con Nicaragua.<\/p>\n","protected":false},"excerpt":{"rendered":"<p>* No siente verg\u00fcenza por los disparates que dijo y public\u00f3 en contra de una jueza de la Corte Internacional de Justicia La ex canciller Noem\u00ed San\u00edn alert\u00f3 sobre la delantera que tom\u00f3 Nicaragua de interponer, ante organismos internacionales, acciones para que se le reconozca la parte de Seaflower que considera le corresponde, luego del [&hellip;]<\/p>\n","protected":false},"author":1,"featured_media":22418,"comment_status":"open","ping_status":"open","sticky":false,"template":"","format":"standard","meta":{"om_disable_all_campaigns":false,"_monsterinsights_skip_tracking":false,"_monsterinsights_sitenote_active":false,"_monsterinsights_sitenote_note":"","_monsterinsights_sitenote_category":0,"footnotes":""},"categories":[3],"tags":[],"class_list":["post-22417","post","type-post","status-publish","format-standard","has-post-thumbnail","hentry","category-nacionales"],"aioseo_notices":[],"_links":{"self":[{"href":"https:\/\/elcronistadigital.com\/index.php?rest_route=\/wp\/v2\/posts\/22417","targetHints":{"allow":["GET"]}}],"collection":[{"href":"https:\/\/elcronistadigital.com\/index.php?rest_route=\/wp\/v2\/posts"}],"about":[{"href":"https:\/\/elcronistadigital.com\/index.php?rest_route=\/wp\/v2\/types\/post"}],"author":[{"embeddable":true,"href":"https:\/\/elcronistadigital.com\/index.php?rest_route=\/wp\/v2\/users\/1"}],"replies":[{"embeddable":true,"href":"https:\/\/elcronistadigital.com\/index.php?rest_route=%2Fwp%2Fv2%2Fcomments&post=22417"}],"version-history":[{"count":3,"href":"https:\/\/elcronistadigital.com\/index.php?rest_route=\/wp\/v2\/posts\/22417\/revisions"}],"predecessor-version":[{"id":22421,"href":"https:\/\/elcronistadigital.com\/index.php?rest_route=\/wp\/v2\/posts\/22417\/revisions\/22421"}],"wp:featuredmedia":[{"embeddable":true,"href":"https:\/\/elcronistadigital.com\/index.php?rest_route=\/wp\/v2\/media\/22418"}],"wp:attachment":[{"href":"https:\/\/elcronistadigital.com\/index.php?rest_route=%2Fwp%2Fv2%2Fmedia&parent=22417"}],"wp:term":[{"taxonomy":"category","embeddable":true,"href":"https:\/\/elcronistadigital.com\/index.php?rest_route=%2Fwp%2Fv2%2Fcategories&post=22417"},{"taxonomy":"post_tag","embeddable":true,"href":"https:\/\/elcronistadigital.com\/index.php?rest_route=%2Fwp%2Fv2%2Ftags&post=22417"}],"curies":[{"name":"wp","href":"https:\/\/api.w.org\/{rel}","templated":true}]}}