{"id":22439,"date":"2013-08-31T08:33:58","date_gmt":"2013-08-31T14:33:58","guid":{"rendered":"http:\/\/elcronistadigital.com\/?p=22439"},"modified":"2013-08-31T08:33:58","modified_gmt":"2013-08-31T14:33:58","slug":"parlacen-condecora-a-embajadora-de-taiwan","status":"publish","type":"post","link":"https:\/\/elcronistadigital.com\/?p=22439","title":{"rendered":"Parlacen condecora a embajadora de Taiw\u00e1n"},"content":{"rendered":"<div id=\"attachment_22440\" style=\"width: 346px\" class=\"wp-caption alignleft\"><a href=\"https:\/\/elcronistadigital.com\/?attachment_id=22440\" rel=\"attachment wp-att-22440\"><img loading=\"lazy\" decoding=\"async\" aria-describedby=\"caption-attachment-22440\" class=\"size-full wp-image-22440\" title=\"Hsing\" src=\"https:\/\/elcronistadigital.com\/wp-content\/uploads\/2013\/08\/Hsing.jpg\" alt=\"\" width=\"336\" height=\"391\" srcset=\"https:\/\/elcronistadigital.com\/wp-content\/uploads\/2013\/08\/Hsing.jpg 336w, https:\/\/elcronistadigital.com\/wp-content\/uploads\/2013\/08\/Hsing-257x300.jpg 257w, https:\/\/elcronistadigital.com\/wp-content\/uploads\/2013\/08\/Hsing-300x349.jpg 300w\" sizes=\"auto, (max-width: 336px) 100vw, 336px\" \/><\/a><p id=\"caption-attachment-22440\" class=\"wp-caption-text\">La embajadora Hsing al recibir el reconocimiento del Parlacen.<\/p><\/div>\n<p>La Junta Directiva del Parlamento Centroamericano (Parlacen), entreg\u00f3 la condecoraci\u00f3n Honor al M\u00e9rito Diplom\u00e1tico, a la embajadora de la Rep\u00fablica de China (Taiw\u00e1n) Sra. Ingrid Y. W. Hsing, en reconocimiento a la estrecha relaci\u00f3n de amistad, fortalecimiento y desarrollo de los pueblos y gobiernos de Centroam\u00e9rica y Rep\u00fablica Dominicana.<\/p>\n<p>La Condecoraci\u00f3n al M\u00e9rito Diplom\u00e1tico ser\u00e1 entregada a todos los embajadores de la Rep\u00fablica de China (Taiw\u00e1n) en la regi\u00f3n, por el trabajo de fortalecimiento de las relaciones de amistad, institucionales y de cooperaci\u00f3n entre el Parlamento Centroamericano y el pueblo y gobierno de Taiw\u00e1n.<\/p>\n<p>Hsing expres\u00f3 sentirse sumamente honrada con la condecoraci\u00f3n Honor al M\u00e9rito Diplom\u00e1tico, que le ha conferido el Parlacen, porque no s\u00f3lo constituye un honor personal, sino que es tambi\u00e9n un reconocimiento para todos los miembros de la Embajada.<\/p>\n<p>De igual manera resalt\u00f3 la importancia que desempe\u00f1a este importante \u00f3rgano parlamentario como instituci\u00f3n, s\u00edmbolo de la democracia e integraci\u00f3n entre los pa\u00edses centroamericanos y la Rep\u00fablica Dominicana. Es digno de admiraci\u00f3n. Desde su creaci\u00f3n, su labor ha sido dirigida al fortalecimiento del di\u00e1logo y la paz, el progreso econ\u00f3mico conjunto y la convivencia pac\u00edfica entre los pa\u00edses miembros.<\/p>\n<p>El Yuan Legislativo de la Rep\u00fablica de China (Taiw\u00e1n) se incorpor\u00f3 como Miembro Observador Permanente del Parlacen, en el a\u00f1o 1999.<\/p>\n","protected":false},"excerpt":{"rendered":"<p>La Junta Directiva del Parlamento Centroamericano (Parlacen), entreg\u00f3 la condecoraci\u00f3n Honor al M\u00e9rito Diplom\u00e1tico, a la embajadora de la Rep\u00fablica de China (Taiw\u00e1n) Sra. Ingrid Y. W. Hsing, en reconocimiento a la estrecha relaci\u00f3n de amistad, fortalecimiento y desarrollo de los pueblos y gobiernos de Centroam\u00e9rica y Rep\u00fablica Dominicana. La Condecoraci\u00f3n al M\u00e9rito Diplom\u00e1tico ser\u00e1 [&hellip;]<\/p>\n","protected":false},"author":1,"featured_media":22440,"comment_status":"open","ping_status":"open","sticky":false,"template":"","format":"standard","meta":{"om_disable_all_campaigns":false,"_monsterinsights_skip_tracking":false,"_monsterinsights_sitenote_active":false,"_monsterinsights_sitenote_note":"","_monsterinsights_sitenote_category":0,"footnotes":""},"categories":[3],"tags":[],"class_list":["post-22439","post","type-post","status-publish","format-standard","has-post-thumbnail","hentry","category-nacionales"],"aioseo_notices":[],"_links":{"self":[{"href":"https:\/\/elcronistadigital.com\/index.php?rest_route=\/wp\/v2\/posts\/22439","targetHints":{"allow":["GET"]}}],"collection":[{"href":"https:\/\/elcronistadigital.com\/index.php?rest_route=\/wp\/v2\/posts"}],"about":[{"href":"https:\/\/elcronistadigital.com\/index.php?rest_route=\/wp\/v2\/types\/post"}],"author":[{"embeddable":true,"href":"https:\/\/elcronistadigital.com\/index.php?rest_route=\/wp\/v2\/users\/1"}],"replies":[{"embeddable":true,"href":"https:\/\/elcronistadigital.com\/index.php?rest_route=%2Fwp%2Fv2%2Fcomments&post=22439"}],"version-history":[{"count":3,"href":"https:\/\/elcronistadigital.com\/index.php?rest_route=\/wp\/v2\/posts\/22439\/revisions"}],"predecessor-version":[{"id":22443,"href":"https:\/\/elcronistadigital.com\/index.php?rest_route=\/wp\/v2\/posts\/22439\/revisions\/22443"}],"wp:featuredmedia":[{"embeddable":true,"href":"https:\/\/elcronistadigital.com\/index.php?rest_route=\/wp\/v2\/media\/22440"}],"wp:attachment":[{"href":"https:\/\/elcronistadigital.com\/index.php?rest_route=%2Fwp%2Fv2%2Fmedia&parent=22439"}],"wp:term":[{"taxonomy":"category","embeddable":true,"href":"https:\/\/elcronistadigital.com\/index.php?rest_route=%2Fwp%2Fv2%2Fcategories&post=22439"},{"taxonomy":"post_tag","embeddable":true,"href":"https:\/\/elcronistadigital.com\/index.php?rest_route=%2Fwp%2Fv2%2Ftags&post=22439"}],"curies":[{"name":"wp","href":"https:\/\/api.w.org\/{rel}","templated":true}]}}