{"id":22450,"date":"2013-08-31T11:02:09","date_gmt":"2013-08-31T17:02:09","guid":{"rendered":"http:\/\/elcronistadigital.com\/?p=22450"},"modified":"2013-08-31T11:02:10","modified_gmt":"2013-08-31T17:02:10","slug":"colombia-descalifica-a-la-unesco-por-seaflower","status":"publish","type":"post","link":"https:\/\/elcronistadigital.com\/?p=22450","title":{"rendered":"Colombia descalifica a la Unesco por Seaflower"},"content":{"rendered":"<div id=\"attachment_22451\" style=\"width: 570px\" class=\"wp-caption alignleft\"><a href=\"https:\/\/elcronistadigital.com\/?attachment_id=22451\" rel=\"attachment wp-att-22451\"><img loading=\"lazy\" decoding=\"async\" aria-describedby=\"caption-attachment-22451\" class=\"size-full wp-image-22451\" title=\"Seaflower 2\" src=\"https:\/\/elcronistadigital.com\/wp-content\/uploads\/2013\/08\/Seaflower-2.jpg\" alt=\"\" width=\"560\" height=\"373\" srcset=\"https:\/\/elcronistadigital.com\/wp-content\/uploads\/2013\/08\/Seaflower-2.jpg 560w, https:\/\/elcronistadigital.com\/wp-content\/uploads\/2013\/08\/Seaflower-2-300x199.jpg 300w, https:\/\/elcronistadigital.com\/wp-content\/uploads\/2013\/08\/Seaflower-2-342x227.jpg 342w\" sizes=\"auto, (max-width: 560px) 100vw, 560px\" \/><\/a><p id=\"caption-attachment-22451\" class=\"wp-caption-text\">Colombia hace como que el fallo de La Haya jam\u00e1s existi\u00f3.<\/p><\/div>\n<p>* Insiste en hacer creer que existe un conflicto lim\u00edtrofe con Nicaragua, pese a que \u00e9ste ya fue dirimido por la Corte Internacional de Justicia<\/p>\n<p>Colombia descalific\u00f3 este viernes a la Unesco como organismo competente para reconocer que parte de la Reserva de la Biosfera Seaflower pertenece a Nicaragua tras el fallo de la Corte Internacional de Justicia (CIJ).<\/p>\n<p>Sobre el particular, el Ministerio de Relaciones Exteriores colombiano se\u00f1al\u00f3 que la Reserva de la Bi\u00f3sfera Seaflower, inscrita en el Programa del Hombre y la Bi\u00f3sfera de la Unesco, mediante un acto soberano de Colombia, se encuentra sujeta a la legislaci\u00f3n nacional.<\/p>\n<p>\u201cPor lo tanto, no estar\u00eda en el \u00e1mbito de competencia de la Unesco determinar el programa de manejo de tal Reserva\u201d, se\u00f1ala el comunicado.<\/p>\n<p>As\u00ed mismo, el Ministerio de Relaciones Exteriores dijo que de conformidad con su Tratado constitutivo \u201cla Unesco no tiene la facultad de pronunciarse sobre diferendos internacionales entre Estados, ni puede intervenir en materias que correspondan esencialmente a la jurisdicci\u00f3n interna de los Estados\u201d.<\/p>\n<p>Por \u00faltimo, la Canciller\u00eda dijo que en relaci\u00f3n con el fallo proferido por la Corte Internacional de Justicia en el diferendo entre Colombia y Nicaragua, Colombia estudia los mecanismos, recursos y acciones que le permiten las leyes nacionales y el derecho internacional para promover la defensa de los intereses nacionales, de los derechos hist\u00f3ricos de pesca y los derechos de las poblaciones colombianas del Archipi\u00e9lago.<\/p>\n<p>\u201cColombia reitera su compromiso con la protecci\u00f3n de la Reserva de Biosfera del Seaflower y subraya que este es un asunto del \u00e1mbito de la soberan\u00eda nacional\u201d, finaliza el comunicado.<\/p>\n<p>Precisamente el aferrarse a leyes nacionales parece ser la \u201cestrategia\u201d del gobierno de Colombia filtrada hace varios d\u00edas por asesores de Juan Manuel Santos, para desconocer el fallo de La Haya de noviembre de 2012. La revelaci\u00f3n hizo enfurecer a Santos y a su canciller Mar\u00eda \u00c1ngela Holgu\u00edn.<\/p>\n<p>El se\u00f1alar que la Unesco no puede decidir sobre disputas lim\u00edtrofes, es parte del lenguaje equ\u00edvoco usado a prop\u00f3sito por las autoridades colombianas, a fin de hacer creer que todo sigue igual a como estaba antes del fallo de la CIJ.<\/p>\n<p>Si nos atenemos a las leyes internacionales, no existe ning\u00fan conflicto de vecindad porque \u00e9ste ya fue dirimido por la Corte Internacional, y a lo que asistimos en realidad es a la exhibici\u00f3n de un estado en rebeld\u00eda dispuesto a ponerse al margen de la ley.<\/p>\n","protected":false},"excerpt":{"rendered":"<p>* Insiste en hacer creer que existe un conflicto lim\u00edtrofe con Nicaragua, pese a que \u00e9ste ya fue dirimido por la Corte Internacional de Justicia Colombia descalific\u00f3 este viernes a la Unesco como organismo competente para reconocer que parte de la Reserva de la Biosfera Seaflower pertenece a Nicaragua tras el fallo de la Corte [&hellip;]<\/p>\n","protected":false},"author":1,"featured_media":22451,"comment_status":"open","ping_status":"open","sticky":false,"template":"","format":"standard","meta":{"om_disable_all_campaigns":false,"_monsterinsights_skip_tracking":false,"_monsterinsights_sitenote_active":false,"_monsterinsights_sitenote_note":"","_monsterinsights_sitenote_category":0,"footnotes":""},"categories":[3,13],"tags":[],"class_list":["post-22450","post","type-post","status-publish","format-standard","has-post-thumbnail","hentry","category-nacionales","category-portada"],"aioseo_notices":[],"_links":{"self":[{"href":"https:\/\/elcronistadigital.com\/index.php?rest_route=\/wp\/v2\/posts\/22450","targetHints":{"allow":["GET"]}}],"collection":[{"href":"https:\/\/elcronistadigital.com\/index.php?rest_route=\/wp\/v2\/posts"}],"about":[{"href":"https:\/\/elcronistadigital.com\/index.php?rest_route=\/wp\/v2\/types\/post"}],"author":[{"embeddable":true,"href":"https:\/\/elcronistadigital.com\/index.php?rest_route=\/wp\/v2\/users\/1"}],"replies":[{"embeddable":true,"href":"https:\/\/elcronistadigital.com\/index.php?rest_route=%2Fwp%2Fv2%2Fcomments&post=22450"}],"version-history":[{"count":3,"href":"https:\/\/elcronistadigital.com\/index.php?rest_route=\/wp\/v2\/posts\/22450\/revisions"}],"predecessor-version":[{"id":22454,"href":"https:\/\/elcronistadigital.com\/index.php?rest_route=\/wp\/v2\/posts\/22450\/revisions\/22454"}],"wp:featuredmedia":[{"embeddable":true,"href":"https:\/\/elcronistadigital.com\/index.php?rest_route=\/wp\/v2\/media\/22451"}],"wp:attachment":[{"href":"https:\/\/elcronistadigital.com\/index.php?rest_route=%2Fwp%2Fv2%2Fmedia&parent=22450"}],"wp:term":[{"taxonomy":"category","embeddable":true,"href":"https:\/\/elcronistadigital.com\/index.php?rest_route=%2Fwp%2Fv2%2Fcategories&post=22450"},{"taxonomy":"post_tag","embeddable":true,"href":"https:\/\/elcronistadigital.com\/index.php?rest_route=%2Fwp%2Fv2%2Ftags&post=22450"}],"curies":[{"name":"wp","href":"https:\/\/api.w.org\/{rel}","templated":true}]}}