{"id":23699,"date":"2013-09-30T11:23:53","date_gmt":"2013-09-30T17:23:53","guid":{"rendered":"http:\/\/elcronistadigital.com\/?p=23699"},"modified":"2013-09-30T11:23:53","modified_gmt":"2013-09-30T17:23:53","slug":"auguran-mas-desastres-por-descuido-con-la-cuenca-sur-de-managua","status":"publish","type":"post","link":"https:\/\/elcronistadigital.com\/?p=23699","title":{"rendered":"Auguran m\u00e1s desastres por descuido con la cuenca sur de Managua"},"content":{"rendered":"<p><a href=\"https:\/\/elcronistadigital.com\/?attachment_id=23700\" rel=\"attachment wp-att-23700\"><img loading=\"lazy\" decoding=\"async\" class=\"alignleft size-medium wp-image-23700\" title=\"inundaci\u00f3n Managua\" src=\"https:\/\/elcronistadigital.com\/wp-content\/uploads\/2013\/09\/inundaci\u00f3n-Managua-300x162.png\" alt=\"\" width=\"300\" height=\"162\" srcset=\"https:\/\/elcronistadigital.com\/wp-content\/uploads\/2013\/09\/inundaci\u00f3n-Managua-300x162.png 300w, https:\/\/elcronistadigital.com\/wp-content\/uploads\/2013\/09\/inundaci\u00f3n-Managua.png 305w\" sizes=\"auto, (max-width: 300px) 100vw, 300px\" \/><\/a>Las inundaciones y los da\u00f1os a Managua por las lluvias ser\u00e1n mayores y el desabastecimiento de agua potable afectar\u00e1 a m\u00e1s personas, si las autoridades municipales no le dan la atenci\u00f3n debida y administran como debe ser la Asociaci\u00f3n de Municipios de la Cuenca Sur (Amusclan).<\/p>\n<p>La situaci\u00f3n actual, de no corregirse, augura un mayor y terrible desastre, se\u00f1ala Agust\u00edn Jarqu\u00edn Anaya.<\/p>\n<p>\u201cLa Asociaci\u00f3n de Municipios de la Sub-Cuenca III Sur del lago de Managua, integrada por los municipios de Managua, Ticuantepe, El Crucero, La Concha, y Nindir\u00ed, la creamos al final del 2008, con los objetivos de prevenir y controlar la contaminaci\u00f3n, prevenir y controlar la erosi\u00f3n e impulsar y desarrollar el Ordenamiento Territorial\u201d, se\u00f1ala.<\/p>\n<p>Adem\u00e1s, gestionar la recolecci\u00f3n y disposici\u00f3n adecuada de los residuos s\u00f3lidos, impulsar acciones en el manejo de cuencas y microcuencas, velar por los sistemas de producci\u00f3n agroforestal, con sostenibilidad ambiental, promover y desarrollar el Pago por \u201cServicios Ambientales\u201d, incentivar el desarrollo sostenible de la zona, desarrollar de manera sostenible el sector econ\u00f3mico y urban\u00edstico, ordenar la propiedad, gestionar y desarrollar proyectos sociales, econ\u00f3micos y ambientales para conservar la subcuenca III, realizar coordinaci\u00f3n interinstitucional, para el logro de sus objetivos y todo lo relacionado con la conservaci\u00f3n y el uso sostenible de los recursos naturales y el ambiente.<\/p>\n<p>Seg\u00fan Jarqu\u00edn, a la fecha Amusclan ha recibido m\u00e1s de 11 millones de d\u00f3lares que se pudieron haber usado mejor, y por eso Managua y las urbanizaciones del sur est\u00e1n cada vez m\u00e1s fr\u00e1giles y vulnerables.<\/p>\n<p>Se necesita \u201cmenos gesto y m\u00e1s gesti\u00f3n\u201d\u2022 para que no se siga depredando la zona y los cienes de miles de personas que habitan y transitan en esos lugares tengan bienestar y seguridad, se\u00f1ala.<\/p>\n","protected":false},"excerpt":{"rendered":"<p>Las inundaciones y los da\u00f1os a Managua por las lluvias ser\u00e1n mayores y el desabastecimiento de agua potable afectar\u00e1 a m\u00e1s personas, si las autoridades municipales no le dan la atenci\u00f3n debida y administran como debe ser la Asociaci\u00f3n de Municipios de la Cuenca Sur (Amusclan). La situaci\u00f3n actual, de no corregirse, augura un mayor [&hellip;]<\/p>\n","protected":false},"author":1,"featured_media":23700,"comment_status":"open","ping_status":"open","sticky":false,"template":"","format":"standard","meta":{"om_disable_all_campaigns":false,"_monsterinsights_skip_tracking":false,"_monsterinsights_sitenote_active":false,"_monsterinsights_sitenote_note":"","_monsterinsights_sitenote_category":0,"footnotes":""},"categories":[3],"tags":[],"class_list":["post-23699","post","type-post","status-publish","format-standard","has-post-thumbnail","hentry","category-nacionales"],"aioseo_notices":[],"_links":{"self":[{"href":"https:\/\/elcronistadigital.com\/index.php?rest_route=\/wp\/v2\/posts\/23699","targetHints":{"allow":["GET"]}}],"collection":[{"href":"https:\/\/elcronistadigital.com\/index.php?rest_route=\/wp\/v2\/posts"}],"about":[{"href":"https:\/\/elcronistadigital.com\/index.php?rest_route=\/wp\/v2\/types\/post"}],"author":[{"embeddable":true,"href":"https:\/\/elcronistadigital.com\/index.php?rest_route=\/wp\/v2\/users\/1"}],"replies":[{"embeddable":true,"href":"https:\/\/elcronistadigital.com\/index.php?rest_route=%2Fwp%2Fv2%2Fcomments&post=23699"}],"version-history":[{"count":3,"href":"https:\/\/elcronistadigital.com\/index.php?rest_route=\/wp\/v2\/posts\/23699\/revisions"}],"predecessor-version":[{"id":23703,"href":"https:\/\/elcronistadigital.com\/index.php?rest_route=\/wp\/v2\/posts\/23699\/revisions\/23703"}],"wp:featuredmedia":[{"embeddable":true,"href":"https:\/\/elcronistadigital.com\/index.php?rest_route=\/wp\/v2\/media\/23700"}],"wp:attachment":[{"href":"https:\/\/elcronistadigital.com\/index.php?rest_route=%2Fwp%2Fv2%2Fmedia&parent=23699"}],"wp:term":[{"taxonomy":"category","embeddable":true,"href":"https:\/\/elcronistadigital.com\/index.php?rest_route=%2Fwp%2Fv2%2Fcategories&post=23699"},{"taxonomy":"post_tag","embeddable":true,"href":"https:\/\/elcronistadigital.com\/index.php?rest_route=%2Fwp%2Fv2%2Ftags&post=23699"}],"curies":[{"name":"wp","href":"https:\/\/api.w.org\/{rel}","templated":true}]}}