{"id":23730,"date":"2013-09-30T16:36:47","date_gmt":"2013-09-30T22:36:47","guid":{"rendered":"http:\/\/elcronistadigital.com\/?p=23730"},"modified":"2013-09-30T16:36:57","modified_gmt":"2013-09-30T22:36:57","slug":"presidente-de-amcham-con-sub-secretaria-de-estado-roberta-jacobson","status":"publish","type":"post","link":"https:\/\/elcronistadigital.com\/?p=23730","title":{"rendered":"Presidente de Amcham con Sub Secretaria de Estado Roberta Jacobson"},"content":{"rendered":"<p><a href=\"https:\/\/elcronistadigital.com\/?attachment_id=23731\" rel=\"attachment wp-att-23731\"><img loading=\"lazy\" decoding=\"async\" class=\"alignleft size-medium wp-image-23731\" title=\"lafoto\" src=\"https:\/\/elcronistadigital.com\/wp-content\/uploads\/2013\/09\/lafoto-300x200.jpg\" alt=\"\" width=\"300\" height=\"200\" srcset=\"https:\/\/elcronistadigital.com\/wp-content\/uploads\/2013\/09\/lafoto-300x200.jpg 300w, https:\/\/elcronistadigital.com\/wp-content\/uploads\/2013\/09\/lafoto-342x228.jpg 342w, https:\/\/elcronistadigital.com\/wp-content\/uploads\/2013\/09\/lafoto.jpg 448w\" sizes=\"auto, (max-width: 300px) 100vw, 300px\" \/><\/a>El presidente de AmCham, Diego Vargas Montealegre, particip\u00f3 esta ma\u00f1ana en una reuni\u00f3n de trabajo con la Sub Secretaria de Estado, Roberta Jacobson, en el marco de la reuni\u00f3n de C\u00e1maras de Comercio de Am\u00e9rica Latina y el Caribe que inici\u00f3 en Washington con la participaci\u00f3n de representantes de todo el continente americano.<\/p>\n<p>\u00abEstados Unidos brinda especial importancia a la relaci\u00f3n con nuestro hemisferio y la participaci\u00f3n de la Sub Secretaria Jacobson con nosotros es muestra de ello. Abordamos las prioridades para nuestra regi\u00f3n y las tareas que tenemos por delante\u00bb, dijo Vargas Montealegre, quien participa en la reuni\u00f3n de empresarios con el Secretario de la Directiva Alfredo Artiles y el expresidente de AmCham, C\u00e9sar Zamora.<\/p>\n","protected":false},"excerpt":{"rendered":"<p>El presidente de AmCham, Diego Vargas Montealegre, particip\u00f3 esta ma\u00f1ana en una reuni\u00f3n de trabajo con la Sub Secretaria de Estado, Roberta Jacobson, en el marco de la reuni\u00f3n de C\u00e1maras de Comercio de Am\u00e9rica Latina y el Caribe que inici\u00f3 en Washington con la participaci\u00f3n de representantes de todo el continente americano. \u00abEstados Unidos [&hellip;]<\/p>\n","protected":false},"author":1,"featured_media":23731,"comment_status":"open","ping_status":"open","sticky":false,"template":"","format":"standard","meta":{"om_disable_all_campaigns":false,"_monsterinsights_skip_tracking":false,"_monsterinsights_sitenote_active":false,"_monsterinsights_sitenote_note":"","_monsterinsights_sitenote_category":0,"footnotes":""},"categories":[15],"tags":[],"class_list":["post-23730","post","type-post","status-publish","format-standard","has-post-thumbnail","hentry","category-politca"],"aioseo_notices":[],"_links":{"self":[{"href":"https:\/\/elcronistadigital.com\/index.php?rest_route=\/wp\/v2\/posts\/23730","targetHints":{"allow":["GET"]}}],"collection":[{"href":"https:\/\/elcronistadigital.com\/index.php?rest_route=\/wp\/v2\/posts"}],"about":[{"href":"https:\/\/elcronistadigital.com\/index.php?rest_route=\/wp\/v2\/types\/post"}],"author":[{"embeddable":true,"href":"https:\/\/elcronistadigital.com\/index.php?rest_route=\/wp\/v2\/users\/1"}],"replies":[{"embeddable":true,"href":"https:\/\/elcronistadigital.com\/index.php?rest_route=%2Fwp%2Fv2%2Fcomments&post=23730"}],"version-history":[{"count":5,"href":"https:\/\/elcronistadigital.com\/index.php?rest_route=\/wp\/v2\/posts\/23730\/revisions"}],"predecessor-version":[{"id":23736,"href":"https:\/\/elcronistadigital.com\/index.php?rest_route=\/wp\/v2\/posts\/23730\/revisions\/23736"}],"wp:featuredmedia":[{"embeddable":true,"href":"https:\/\/elcronistadigital.com\/index.php?rest_route=\/wp\/v2\/media\/23731"}],"wp:attachment":[{"href":"https:\/\/elcronistadigital.com\/index.php?rest_route=%2Fwp%2Fv2%2Fmedia&parent=23730"}],"wp:term":[{"taxonomy":"category","embeddable":true,"href":"https:\/\/elcronistadigital.com\/index.php?rest_route=%2Fwp%2Fv2%2Fcategories&post=23730"},{"taxonomy":"post_tag","embeddable":true,"href":"https:\/\/elcronistadigital.com\/index.php?rest_route=%2Fwp%2Fv2%2Ftags&post=23730"}],"curies":[{"name":"wp","href":"https:\/\/api.w.org\/{rel}","templated":true}]}}