{"id":26121,"date":"2013-11-25T15:32:26","date_gmt":"2013-11-25T21:32:26","guid":{"rendered":"http:\/\/elcronistadigital.com\/?p=26121"},"modified":"2013-11-25T15:32:26","modified_gmt":"2013-11-25T21:32:26","slug":"inta-realiza-dia-de-campo-en-cafe","status":"publish","type":"post","link":"https:\/\/elcronistadigital.com\/?p=26121","title":{"rendered":"Inta realiza d\u00eda de campo en caf\u00e9"},"content":{"rendered":"<p><a href=\"https:\/\/elcronistadigital.com\/?attachment_id=26122\" rel=\"attachment wp-att-26122\"><img loading=\"lazy\" decoding=\"async\" class=\"alignleft size-medium wp-image-26122\" title=\"d\u00eda de campo\" src=\"https:\/\/elcronistadigital.com\/wp-content\/uploads\/2013\/11\/d\u00eda-de-campo-300x225.jpg\" alt=\"\" width=\"300\" height=\"225\" srcset=\"https:\/\/elcronistadigital.com\/wp-content\/uploads\/2013\/11\/d\u00eda-de-campo-300x225.jpg 300w, https:\/\/elcronistadigital.com\/wp-content\/uploads\/2013\/11\/d\u00eda-de-campo-342x256.jpg 342w, https:\/\/elcronistadigital.com\/wp-content\/uploads\/2013\/11\/d\u00eda-de-campo-60x45.jpg 60w, https:\/\/elcronistadigital.com\/wp-content\/uploads\/2013\/11\/d\u00eda-de-campo-150x113.jpg 150w, https:\/\/elcronistadigital.com\/wp-content\/uploads\/2013\/11\/d\u00eda-de-campo-269x201.jpg 269w, https:\/\/elcronistadigital.com\/wp-content\/uploads\/2013\/11\/d\u00eda-de-campo.jpg 397w\" sizes=\"auto, (max-width: 300px) 100vw, 300px\" \/><\/a>Maricely Linarte<\/p>\n<p>La toma de decisiones, experiencias y vivencias adquiridas en Manejo Integrado de Cultivo, son parte del proceso de aprendizaje en la Escuela de Campo (ECA) del cultivo de caf\u00e9, que ejecut\u00f3 el Instituto Nicarag\u00fcense de Tecnolog\u00eda Agropecuaria (INTA) en zonas cafetaleras de Las Segovias.<\/p>\n<p>Dipilto, San Juan de Limay y San Juan de R\u00edo Coco, fueron los municipios en los que se desarrollaron las Escuelas de Campo de caf\u00e9, donde participaron un total de 57 peque\u00f1os productoras y productores cafetaleros.<\/p>\n<p>Las escuelas concluyen con un d\u00eda de campo en cada municipio donde los productores y productoras exponen tem\u00e1ticas sobre viveros, diagn\u00f3sticos de agro ecosistemas, manejo de plagas y enfermedades y manejo integrado de cultivos del caf\u00e9.<\/p>\n<p>Para la ingeniera Ligia Medina, especialista del INTA y participante en el d\u00eda de campo en Dipilto, municipio del departamento de Nueva Segovia, la iniciativa de trabajar en las escuelas de campo de caf\u00e9 es muy propicia para las experiencias que est\u00e1n viviendo las y los productores, porque con esto se ayudar\u00e1 a contrarrestar la incidencia de las plagas de los cafetales.<\/p>\n<p>\u00abEste a\u00f1o los productores y productoras de estas zonas en Las Segovias, pasaron por muchos problemas por no controlar a tiempo estas plagas y con este proceso se ayud\u00f3 a cada cafetalero en el manejo en el cultivo de caf\u00e9\u00bb, agreg\u00f3 Medina.<\/p>\n<p>Estas alternativas de producci\u00f3n impulsadas por el Gobierno por medio del INTA benefician a los participantes y dem\u00e1s productoras y productores cafetaleros en la toma de decisiones en t\u00e9rminos de manejo de los cultivos en la producci\u00f3n agroecol\u00f3gica.<\/p>\n<p>Al evento asistieron instancias municipales, personal t\u00e9cnico del INTA y del Ministerio Agropecuario y Forestal, (Magfor), entre otros.<\/p>\n","protected":false},"excerpt":{"rendered":"<p>Maricely Linarte La toma de decisiones, experiencias y vivencias adquiridas en Manejo Integrado de Cultivo, son parte del proceso de aprendizaje en la Escuela de Campo (ECA) del cultivo de caf\u00e9, que ejecut\u00f3 el Instituto Nicarag\u00fcense de Tecnolog\u00eda Agropecuaria (INTA) en zonas cafetaleras de Las Segovias. Dipilto, San Juan de Limay y San Juan de [&hellip;]<\/p>\n","protected":false},"author":1,"featured_media":26122,"comment_status":"open","ping_status":"open","sticky":false,"template":"","format":"standard","meta":{"om_disable_all_campaigns":false,"_monsterinsights_skip_tracking":false,"_monsterinsights_sitenote_active":false,"_monsterinsights_sitenote_note":"","_monsterinsights_sitenote_category":0,"footnotes":""},"categories":[3],"tags":[],"class_list":["post-26121","post","type-post","status-publish","format-standard","has-post-thumbnail","hentry","category-nacionales"],"aioseo_notices":[],"_links":{"self":[{"href":"https:\/\/elcronistadigital.com\/index.php?rest_route=\/wp\/v2\/posts\/26121","targetHints":{"allow":["GET"]}}],"collection":[{"href":"https:\/\/elcronistadigital.com\/index.php?rest_route=\/wp\/v2\/posts"}],"about":[{"href":"https:\/\/elcronistadigital.com\/index.php?rest_route=\/wp\/v2\/types\/post"}],"author":[{"embeddable":true,"href":"https:\/\/elcronistadigital.com\/index.php?rest_route=\/wp\/v2\/users\/1"}],"replies":[{"embeddable":true,"href":"https:\/\/elcronistadigital.com\/index.php?rest_route=%2Fwp%2Fv2%2Fcomments&post=26121"}],"version-history":[{"count":3,"href":"https:\/\/elcronistadigital.com\/index.php?rest_route=\/wp\/v2\/posts\/26121\/revisions"}],"predecessor-version":[{"id":26125,"href":"https:\/\/elcronistadigital.com\/index.php?rest_route=\/wp\/v2\/posts\/26121\/revisions\/26125"}],"wp:featuredmedia":[{"embeddable":true,"href":"https:\/\/elcronistadigital.com\/index.php?rest_route=\/wp\/v2\/media\/26122"}],"wp:attachment":[{"href":"https:\/\/elcronistadigital.com\/index.php?rest_route=%2Fwp%2Fv2%2Fmedia&parent=26121"}],"wp:term":[{"taxonomy":"category","embeddable":true,"href":"https:\/\/elcronistadigital.com\/index.php?rest_route=%2Fwp%2Fv2%2Fcategories&post=26121"},{"taxonomy":"post_tag","embeddable":true,"href":"https:\/\/elcronistadigital.com\/index.php?rest_route=%2Fwp%2Fv2%2Ftags&post=26121"}],"curies":[{"name":"wp","href":"https:\/\/api.w.org\/{rel}","templated":true}]}}