{"id":26171,"date":"2013-11-26T17:16:26","date_gmt":"2013-11-26T23:16:26","guid":{"rendered":"http:\/\/elcronistadigital.com\/?p=26171"},"modified":"2013-11-26T17:16:26","modified_gmt":"2013-11-26T23:16:26","slug":"evaluan-avances-en-energia-renovable","status":"publish","type":"post","link":"https:\/\/elcronistadigital.com\/?p=26171","title":{"rendered":"Eval\u00faan avances en energ\u00eda renovable"},"content":{"rendered":"<p><a href=\"https:\/\/elcronistadigital.com\/?attachment_id=26172\" rel=\"attachment wp-att-26172\"><img loading=\"lazy\" decoding=\"async\" class=\"alignleft size-medium wp-image-26172\" title=\"energ\u00eda renovable\" src=\"https:\/\/elcronistadigital.com\/wp-content\/uploads\/2013\/11\/energ\u00eda-renovable-300x169.jpg\" alt=\"\" width=\"300\" height=\"169\" srcset=\"https:\/\/elcronistadigital.com\/wp-content\/uploads\/2013\/11\/energ\u00eda-renovable-300x169.jpg 300w, https:\/\/elcronistadigital.com\/wp-content\/uploads\/2013\/11\/energ\u00eda-renovable-342x192.jpg 342w, https:\/\/elcronistadigital.com\/wp-content\/uploads\/2013\/11\/energ\u00eda-renovable.jpg 530w\" sizes=\"auto, (max-width: 300px) 100vw, 300px\" \/><\/a>* Especialistas de organismos multilaterales, inform\u00f3 coordinador del Sistema de las Naciones Unidas en Nicaragua<\/p>\n<p>Especialistas en energ\u00eda renovable de organismos multilaterales eval\u00faan el avance que tiene Nicaragua en esa materia, anunci\u00f3 este martes el coordinador residente en Managua del Sistema de las Naciones Unidas, Pablo Mandeville.<\/p>\n<p>La evaluaci\u00f3n es realizada por una delegaci\u00f3n del Programa de las Naciones Unidas para el Desarrollo (PNUD), del Banco Interamericano de Desarrollo (BID) y de la Agencia Internacional de Energ\u00edas Renovables (IRENA, por sus siglas en ingl\u00e9s), dijo Mandeville a periodistas.<\/p>\n<p>Ellos se encuentran en el pa\u00eds \u00abpara constatar los avances que hace Nicaragua, tanto en generar m\u00e1s energ\u00edas a partir de renovables, (como) en aumentar la cobertura a las poblaciones\u00bb, indic\u00f3 el tambi\u00e9n representante del PNUD en Managua.<\/p>\n<p>En el \u00edndice regional de energ\u00edas limpias de Am\u00e9rica Latina Climascopio 2013, Nicaragua apareci\u00f3 como el tercer pa\u00eds m\u00e1s id\u00f3neo para invertir en energ\u00edas limpias, detr\u00e1s de Brasil y Chile.<\/p>\n<p>Actualmente Nicaragua consume un promedio superior al 50 % de energ\u00edas renovables y el Gobierno pretende que para 2019 el consumo de este tipo de energ\u00edas sea del 80 %.<\/p>\n<p>\u00abHay una inversi\u00f3n muy fuerte a nivel del Estado y privado para la generaci\u00f3n de energ\u00edas renovables, una vez que logremos el cambio total (de la matriz energ\u00e9tica), podemos aspirar a que baje (el precio) de la energ\u00eda\u00bb, dijo a periodistas el presidente ejecutivo de la Empresa Nicarag\u00fcense de Electricidad (Enel), Ernesto Mart\u00ednez.<\/p>\n<p>El esfuerzo de Nicaragua se centra en el marco de la estrategia \u00abEnerg\u00eda Sostenible para Todos (SE4ALL)\u00bb, promovida por la ONU, pero las delegaciones presentes no informaron cu\u00e1nto durar\u00e1 la evaluaci\u00f3n ni cu\u00e1ndo anunciar\u00e1n los resultados.<\/p>\n<p>\u00abNo existe compromiso de los pa\u00edses, es algo voluntario, pero tiene los mismos objetivos que nosotros hemos definido como prioritarios en nuestra pol\u00edtica energ\u00e9tica, que son el acceso universal, el desarrollo de las energ\u00edas renovables y de la eficiencia energ\u00e9tica\u00bb, dijo, por su lado, la viceministra nicarag\u00fcense de Energ\u00eda y Minas, Lorena Lanza.<\/p>\n<p>Nicaragua, por su parte, pretende \u00abtrazar un plan de acci\u00f3n de hacia d\u00f3nde va a ir para cumplir estos compromisos de acuerdo con nuestra posibilidad\u00bb, se\u00f1al\u00f3 la viceministra.<\/p>\n<p>Datos del Ministerio de Energ\u00eda y Minas indican que Nicaragua tiene recursos renovables para exportar, ya que actualmente \u00fanicamente explota el 5 % de su potencial de energ\u00edas limpias, calculado en 5.800 megavatios, no obstante, con un 6 % cubrir\u00eda con holgura su demanda total, que apenas supera los 500 megavatios.<\/p>\n","protected":false},"excerpt":{"rendered":"<p>* Especialistas de organismos multilaterales, inform\u00f3 coordinador del Sistema de las Naciones Unidas en Nicaragua Especialistas en energ\u00eda renovable de organismos multilaterales eval\u00faan el avance que tiene Nicaragua en esa materia, anunci\u00f3 este martes el coordinador residente en Managua del Sistema de las Naciones Unidas, Pablo Mandeville. La evaluaci\u00f3n es realizada por una delegaci\u00f3n del [&hellip;]<\/p>\n","protected":false},"author":1,"featured_media":26172,"comment_status":"open","ping_status":"open","sticky":false,"template":"","format":"standard","meta":{"om_disable_all_campaigns":false,"_monsterinsights_skip_tracking":false,"_monsterinsights_sitenote_active":false,"_monsterinsights_sitenote_note":"","_monsterinsights_sitenote_category":0,"footnotes":""},"categories":[3],"tags":[],"class_list":["post-26171","post","type-post","status-publish","format-standard","has-post-thumbnail","hentry","category-nacionales"],"aioseo_notices":[],"_links":{"self":[{"href":"https:\/\/elcronistadigital.com\/index.php?rest_route=\/wp\/v2\/posts\/26171","targetHints":{"allow":["GET"]}}],"collection":[{"href":"https:\/\/elcronistadigital.com\/index.php?rest_route=\/wp\/v2\/posts"}],"about":[{"href":"https:\/\/elcronistadigital.com\/index.php?rest_route=\/wp\/v2\/types\/post"}],"author":[{"embeddable":true,"href":"https:\/\/elcronistadigital.com\/index.php?rest_route=\/wp\/v2\/users\/1"}],"replies":[{"embeddable":true,"href":"https:\/\/elcronistadigital.com\/index.php?rest_route=%2Fwp%2Fv2%2Fcomments&post=26171"}],"version-history":[{"count":3,"href":"https:\/\/elcronistadigital.com\/index.php?rest_route=\/wp\/v2\/posts\/26171\/revisions"}],"predecessor-version":[{"id":26175,"href":"https:\/\/elcronistadigital.com\/index.php?rest_route=\/wp\/v2\/posts\/26171\/revisions\/26175"}],"wp:featuredmedia":[{"embeddable":true,"href":"https:\/\/elcronistadigital.com\/index.php?rest_route=\/wp\/v2\/media\/26172"}],"wp:attachment":[{"href":"https:\/\/elcronistadigital.com\/index.php?rest_route=%2Fwp%2Fv2%2Fmedia&parent=26171"}],"wp:term":[{"taxonomy":"category","embeddable":true,"href":"https:\/\/elcronistadigital.com\/index.php?rest_route=%2Fwp%2Fv2%2Fcategories&post=26171"},{"taxonomy":"post_tag","embeddable":true,"href":"https:\/\/elcronistadigital.com\/index.php?rest_route=%2Fwp%2Fv2%2Ftags&post=26171"}],"curies":[{"name":"wp","href":"https:\/\/api.w.org\/{rel}","templated":true}]}}