{"id":26176,"date":"2013-11-26T17:30:22","date_gmt":"2013-11-26T23:30:22","guid":{"rendered":"http:\/\/elcronistadigital.com\/?p=26176"},"modified":"2013-11-26T17:30:23","modified_gmt":"2013-11-26T23:30:23","slug":"oficializan-patrullaje-con-rusia-y-eu-en-aguas-que-nos-devolvio-la-haya","status":"publish","type":"post","link":"https:\/\/elcronistadigital.com\/?p=26176","title":{"rendered":"Oficializan patrullaje con Rusia y EU en aguas que nos devolvi\u00f3 La Haya"},"content":{"rendered":"<p><a href=\"https:\/\/elcronistadigital.com\/?attachment_id=26177\" rel=\"attachment wp-att-26177\"><img loading=\"lazy\" decoding=\"async\" class=\"alignleft size-medium wp-image-26177\" title=\"Fragata USA\" src=\"https:\/\/elcronistadigital.com\/wp-content\/uploads\/2013\/11\/Fragata-USA-300x198.jpg\" alt=\"\" width=\"300\" height=\"198\" srcset=\"https:\/\/elcronistadigital.com\/wp-content\/uploads\/2013\/11\/Fragata-USA-300x198.jpg 300w, https:\/\/elcronistadigital.com\/wp-content\/uploads\/2013\/11\/Fragata-USA-342x226.jpg 342w, https:\/\/elcronistadigital.com\/wp-content\/uploads\/2013\/11\/Fragata-USA.jpg 448w\" sizes=\"auto, (max-width: 300px) 100vw, 300px\" \/><\/a>* Presidente Ortega introdujo propuesta con car\u00e1cter de \u201curgencia\u201d y fue aprobada por amplia mayor\u00eda en el Parlamento<\/p>\n<p>El parlamento de Nicaragua autoriz\u00f3 este martes el ingreso de tropas, naves y aeronaves militares de Estados Unidos y Rusia con el fin de realizar operaciones antinarc\u00f3ticos en los espacios mar\u00edtimos delimitados por la Corte Internacional de Justicia (CIJ) con Colombia en el mar Caribe.<\/p>\n<p>El ingreso de los militares estadounidenses y rusos fue propuesto por el presidente nicarag\u00fcense, Daniel Ortega, con car\u00e1cter de urgencia, y aprobado este martes en la sesi\u00f3n plenaria de la Asamblea Nacional con amplia mayor\u00eda, dijo el titular del Legislativo, el sandinista Ren\u00e9 N\u00fa\u00f1ez.<\/p>\n<p>Seg\u00fan el decreto, esas operaciones de lucha contra el narcotr\u00e1fico con militares estadounidenses, que ser\u00e1n \u00abpreviamente planificado y coordinado con el Ej\u00e9rcito de Nicaragua\u00bb, se llevar\u00e1n a cabo a partir del 1 de enero hasta el 30 de junio del pr\u00f3ximo a\u00f1o.<\/p>\n<p>La patrulla conjunta de la armada de Nicaragua y Estados Unidos ser\u00e1 \u00abparticularmente en los espacios mar\u00edtimos delimitados\u00bb por la CIJ en el mar Caribe, en su sentencia del 19 de noviembre de 2012, de acuerdo con la iniciativa.<\/p>\n<p>Esas operaciones antinarc\u00f3ticos se efectuar\u00e1n en el marco de lo establecido en el acuerdo entre los Gobiernos de Nicaragua y de los Estados Unidos para la cooperaci\u00f3n y eliminaci\u00f3n del tr\u00e1fico il\u00edcito, suscrito en 2001, explic\u00f3 el Ejecutivo.<\/p>\n<p>A las Fuerzas Armadas de la Federaci\u00f3n de Rusia, el Congreso nicarag\u00fcense le autoriz\u00f3 el ingreso de militares, naves y aeronaves con el fin de llevar a cabo intercambio de experiencias y adiestramiento durante el primer semestre del pr\u00f3ximo a\u00f1o.<\/p>\n<p>Tambi\u00e9n operaciones en contra de il\u00edcitos en \u00abespacios mar\u00edtimos delimitados\u00bb por la CIJ en el mar Caribe y aguas jurisdiccionales en el oc\u00e9ano Pac\u00edfico, del 1 de enero al 30 de junio de 2014, seg\u00fan la iniciativa.<\/p>\n<p>Hace un a\u00f1o, el m\u00e1ximo tribunal de las Naciones Unidas defini\u00f3 los l\u00edmites mar\u00edtimos de Nicaragua y Colombia en el Caribe, dejando bajo soberan\u00eda colombiana siete cayos del archipi\u00e9lago de San Andr\u00e9s, cuyas islas mayores ya se hab\u00edan concedido a Bogot\u00e1 en 2007.<\/p>\n<p>A Nicaragua le otorg\u00f3 una franja marina en esa zona que Colombia calcula en unos 75.000 kil\u00f3metros cuadrados y el pa\u00eds centroamericano estima en m\u00e1s de 90.000 kil\u00f3metros cuadrados.<\/p>\n<p>La Asamblea Legislativa de Nicaragua tambi\u00e9n autoriz\u00f3 el ingreso a territorio nacional de militares, naves y aeronaves de las Fuerzas Armadas de Cuba, M\u00e9xico y Venezuela para participar en intercambio de adiestramiento y ayuda humanitaria.<\/p>\n<p>Tambi\u00e9n de 35 militares y aeronaves de El Salvador, Guatemala, Honduras, Rep\u00fablica Dominicana para participar en el traspaso de mando de la presidencia del consejo superior y secretar\u00eda general temporal de la Conferencia de las Fuerzas Armadas Centroamericanas (CFAC) del 22 de enero al 13 de febrero de 2014.<\/p>\n<p>El Parlamento tambi\u00e9n aprob\u00f3 la salida de 50 militares nicarag\u00fcenses a Venezuela, 40 a Cuba y 40 a M\u00e9xico, a ejercicios de entrenamiento y capacitaci\u00f3n.<\/p>\n<p>Seg\u00fan el Gobierno nicarag\u00fcense, el ingreso de tropas internacionales y la salida de uniformados locales es \u00abaltamente provechoso y significativo\u00bb para el Ej\u00e9rcito de Nicaragua.<\/p>\n","protected":false},"excerpt":{"rendered":"<p>* Presidente Ortega introdujo propuesta con car\u00e1cter de \u201curgencia\u201d y fue aprobada por amplia mayor\u00eda en el Parlamento El parlamento de Nicaragua autoriz\u00f3 este martes el ingreso de tropas, naves y aeronaves militares de Estados Unidos y Rusia con el fin de realizar operaciones antinarc\u00f3ticos en los espacios mar\u00edtimos delimitados por la Corte Internacional de [&hellip;]<\/p>\n","protected":false},"author":1,"featured_media":26177,"comment_status":"open","ping_status":"open","sticky":false,"template":"","format":"standard","meta":{"om_disable_all_campaigns":false,"_monsterinsights_skip_tracking":false,"_monsterinsights_sitenote_active":false,"_monsterinsights_sitenote_note":"","_monsterinsights_sitenote_category":0,"footnotes":""},"categories":[3,13],"tags":[],"class_list":["post-26176","post","type-post","status-publish","format-standard","has-post-thumbnail","hentry","category-nacionales","category-portada"],"aioseo_notices":[],"_links":{"self":[{"href":"https:\/\/elcronistadigital.com\/index.php?rest_route=\/wp\/v2\/posts\/26176","targetHints":{"allow":["GET"]}}],"collection":[{"href":"https:\/\/elcronistadigital.com\/index.php?rest_route=\/wp\/v2\/posts"}],"about":[{"href":"https:\/\/elcronistadigital.com\/index.php?rest_route=\/wp\/v2\/types\/post"}],"author":[{"embeddable":true,"href":"https:\/\/elcronistadigital.com\/index.php?rest_route=\/wp\/v2\/users\/1"}],"replies":[{"embeddable":true,"href":"https:\/\/elcronistadigital.com\/index.php?rest_route=%2Fwp%2Fv2%2Fcomments&post=26176"}],"version-history":[{"count":3,"href":"https:\/\/elcronistadigital.com\/index.php?rest_route=\/wp\/v2\/posts\/26176\/revisions"}],"predecessor-version":[{"id":26180,"href":"https:\/\/elcronistadigital.com\/index.php?rest_route=\/wp\/v2\/posts\/26176\/revisions\/26180"}],"wp:featuredmedia":[{"embeddable":true,"href":"https:\/\/elcronistadigital.com\/index.php?rest_route=\/wp\/v2\/media\/26177"}],"wp:attachment":[{"href":"https:\/\/elcronistadigital.com\/index.php?rest_route=%2Fwp%2Fv2%2Fmedia&parent=26176"}],"wp:term":[{"taxonomy":"category","embeddable":true,"href":"https:\/\/elcronistadigital.com\/index.php?rest_route=%2Fwp%2Fv2%2Fcategories&post=26176"},{"taxonomy":"post_tag","embeddable":true,"href":"https:\/\/elcronistadigital.com\/index.php?rest_route=%2Fwp%2Fv2%2Ftags&post=26176"}],"curies":[{"name":"wp","href":"https:\/\/api.w.org\/{rel}","templated":true}]}}