{"id":26186,"date":"2013-11-27T06:34:01","date_gmt":"2013-11-27T12:34:01","guid":{"rendered":"http:\/\/elcronistadigital.com\/?p=26186"},"modified":"2013-11-27T06:34:01","modified_gmt":"2013-11-27T12:34:01","slug":"papa-propone-reformar-la-iglesia-catolica","status":"publish","type":"post","link":"https:\/\/elcronistadigital.com\/?p=26186","title":{"rendered":"Papa propone reformar la Iglesia Cat\u00f3lica"},"content":{"rendered":"<div id=\"attachment_26187\" style=\"width: 310px\" class=\"wp-caption alignleft\"><a href=\"https:\/\/elcronistadigital.com\/?attachment_id=26187\" rel=\"attachment wp-att-26187\"><img loading=\"lazy\" decoding=\"async\" aria-describedby=\"caption-attachment-26187\" class=\"size-medium wp-image-26187\" title=\"Papa Francisco\" src=\"https:\/\/elcronistadigital.com\/wp-content\/uploads\/2013\/11\/Papa-Francisco-300x174.jpg\" alt=\"\" width=\"300\" height=\"174\" srcset=\"https:\/\/elcronistadigital.com\/wp-content\/uploads\/2013\/11\/Papa-Francisco-300x174.jpg 300w, https:\/\/elcronistadigital.com\/wp-content\/uploads\/2013\/11\/Papa-Francisco-342x199.jpg 342w, https:\/\/elcronistadigital.com\/wp-content\/uploads\/2013\/11\/Papa-Francisco.jpg 944w\" sizes=\"auto, (max-width: 300px) 100vw, 300px\" \/><\/a><p id=\"caption-attachment-26187\" class=\"wp-caption-text\">El Papa Francisco pide prioridad para los pobres.<\/p><\/div>\n<p>El papa Francisco propuso el martes una reforma a todos los niveles de la Iglesia cat\u00f3lica, en su primera exhortaci\u00f3n apost\u00f3lica, Evangelii gaudium ( La alegr\u00eda del Evangelio ), en la que anuncia que est\u00e1 dispuesto a cambiar el papel del papado, a fomentar la toma de decisiones colegiales y dar prioridad sobre todo a los pobres.<\/p>\n<p>En el primer documento de su pontificado enteramente escrito por \u00e9l, muy denso, de 142 p\u00e1ginas en su versi\u00f3n en espa\u00f1ol, advierte adem\u00e1s contra la violencia generada por la pobreza e implora libertad religiosa para los cristianos en Oriente Medio.<\/p>\n<p>\u201cMe corresponde, como Obispo de Roma, estar abierto a las sugerencias que se orienten a un ejercicio de mi ministerio que lo vuelva m\u00e1s fiel al sentido que Jesucristo quiso darle y a las necesidades actuales de la evangelizaci\u00f3n\u201d, escribe el Pont\u00edfice.<\/p>\n<p>La \u201cconversi\u00f3n del papado\u201d como la llama, va de la mano de \u201cuna saludable descentralizaci\u00f3n\u201d de la Iglesia y de una mayor responsabilidad de los laicos, dice Francisco.<\/p>\n<p>El Papa defiende \u201cla colegialidad\u201d e invita a religiosos y sacerdotes a no temer \u201cromper los esquemas\u201d, a \u201cser audaces y creativos\u201d, y a evitar transmitir \u201cuna multitud de doctrinas que se intentan imponer a fuerza de insistencia\u201d.<\/p>\n<p>Su Santidad propone en sustancia pasar de un modelo de iglesia burocr\u00e1tica y doctrinaria a una iglesia \u201cmisionera\u201d, alegre, abierta a los laicos y a los j\u00f3venes.<\/p>\n<p>El documento, en el que el Francisco traza la hoja de ruta de su pontificado, quiere una instituci\u00f3n que d\u00e9 prioridad a los pobres y denuncia el sistema econ\u00f3mico vigente en el mundo.<\/p>\n<p>\u201cHasta que no se reviertan la exclusi\u00f3n y la inequidad dentro de una sociedad y entre los distintos pueblos, ser\u00e1 imposible erradicar la violencia\u201d, manifiesta.<\/p>\n<p>Para Francisco, el sistema econ\u00f3mico actual es \u201cinjusto\u201d porque predomina \u201cla ley del m\u00e1s fuerte\u201d, dominada por un \u201cmercado divinizado\u201d, en el que imperan la \u201cespeculaci\u00f3n financiera, una corrupci\u00f3n ramificada y una evasi\u00f3n fiscal ego\u00edsta\u201d.<\/p>\n<p>Vuelve a denunciar \u201cla globalizaci\u00f3n de la indiferencia \u201d, as\u00ed como \u201cla trata de seres humanos\u201d, pide a los pa\u00edses que acogen a emigrantes \u201cuna generosa apertura\u201d y ayuda para las mujeres que sufren \u201csituaciones de exclusi\u00f3n, maltrato y violencia\u201d.<\/p>\n<p>Sobre el aborto, legalizado en casi todos los pa\u00edses del Viejo Continente, el Papa puntualiza que \u201cno debe esperarse que la Iglesia cambie su postura\u201d sobre ese tema pues \u201cno es progresista\u201d resolver los problemas \u201celiminando una vida humana\u201d.<\/p>\n<p>En el documento, escrito en agosto tras su viaje en julio a Brasil, aborda el delicado tema de la relaci\u00f3n con los musulmanes, que provoc\u00f3 fuertes tensiones durante el pontificado del papa em\u00e9rito Benedicto XVI.<\/p>\n<p>Francisco suplica \u201chumildemente\u201d a los Estados musulmanes que garanticen la libertad religiosa a los cristianos, tal como los pa\u00edses occidentales lo hacen con los creyentes del islam.<\/p>\n<p>El documento apuesta por el ecumenismo y asegura que \u201cel verdadero islam y una adecuada interpretaci\u00f3n del Cor\u00e1n se oponen a toda violencia\u201d.<\/p>\n<p>Dirige una mirada \u201cmuy especial\u201d al pueblo jud\u00edo. \u201cEl di\u00e1logo y la amistad con los hijos de Israel son parte de la v\u00eda\u201d de los cat\u00f3licos pues \u201clos hijos de Israel son parte de la vida de los disc\u00edpulos de Jes\u00fas\u201d.<\/p>\n","protected":false},"excerpt":{"rendered":"<p>El papa Francisco propuso el martes una reforma a todos los niveles de la Iglesia cat\u00f3lica, en su primera exhortaci\u00f3n apost\u00f3lica, Evangelii gaudium ( La alegr\u00eda del Evangelio ), en la que anuncia que est\u00e1 dispuesto a cambiar el papel del papado, a fomentar la toma de decisiones colegiales y dar prioridad sobre todo a [&hellip;]<\/p>\n","protected":false},"author":1,"featured_media":26187,"comment_status":"open","ping_status":"open","sticky":false,"template":"","format":"standard","meta":{"om_disable_all_campaigns":false,"_monsterinsights_skip_tracking":false,"_monsterinsights_sitenote_active":false,"_monsterinsights_sitenote_note":"","_monsterinsights_sitenote_category":0,"footnotes":""},"categories":[3,13],"tags":[],"class_list":["post-26186","post","type-post","status-publish","format-standard","has-post-thumbnail","hentry","category-nacionales","category-portada"],"aioseo_notices":[],"_links":{"self":[{"href":"https:\/\/elcronistadigital.com\/index.php?rest_route=\/wp\/v2\/posts\/26186","targetHints":{"allow":["GET"]}}],"collection":[{"href":"https:\/\/elcronistadigital.com\/index.php?rest_route=\/wp\/v2\/posts"}],"about":[{"href":"https:\/\/elcronistadigital.com\/index.php?rest_route=\/wp\/v2\/types\/post"}],"author":[{"embeddable":true,"href":"https:\/\/elcronistadigital.com\/index.php?rest_route=\/wp\/v2\/users\/1"}],"replies":[{"embeddable":true,"href":"https:\/\/elcronistadigital.com\/index.php?rest_route=%2Fwp%2Fv2%2Fcomments&post=26186"}],"version-history":[{"count":3,"href":"https:\/\/elcronistadigital.com\/index.php?rest_route=\/wp\/v2\/posts\/26186\/revisions"}],"predecessor-version":[{"id":26190,"href":"https:\/\/elcronistadigital.com\/index.php?rest_route=\/wp\/v2\/posts\/26186\/revisions\/26190"}],"wp:featuredmedia":[{"embeddable":true,"href":"https:\/\/elcronistadigital.com\/index.php?rest_route=\/wp\/v2\/media\/26187"}],"wp:attachment":[{"href":"https:\/\/elcronistadigital.com\/index.php?rest_route=%2Fwp%2Fv2%2Fmedia&parent=26186"}],"wp:term":[{"taxonomy":"category","embeddable":true,"href":"https:\/\/elcronistadigital.com\/index.php?rest_route=%2Fwp%2Fv2%2Fcategories&post=26186"},{"taxonomy":"post_tag","embeddable":true,"href":"https:\/\/elcronistadigital.com\/index.php?rest_route=%2Fwp%2Fv2%2Ftags&post=26186"}],"curies":[{"name":"wp","href":"https:\/\/api.w.org\/{rel}","templated":true}]}}