{"id":26191,"date":"2013-11-27T07:15:14","date_gmt":"2013-11-27T13:15:14","guid":{"rendered":"http:\/\/elcronistadigital.com\/?p=26191"},"modified":"2013-11-27T07:15:14","modified_gmt":"2013-11-27T13:15:14","slug":"en-alquiler-mansion-de-el-palidejo","status":"publish","type":"post","link":"https:\/\/elcronistadigital.com\/?p=26191","title":{"rendered":"En alquiler mansi\u00f3n de \u201cEl Palidejo\u201d"},"content":{"rendered":"<div id=\"attachment_26192\" style=\"width: 310px\" class=\"wp-caption alignleft\"><a href=\"https:\/\/elcronistadigital.com\/?attachment_id=26192\" rel=\"attachment wp-att-26192\"><img loading=\"lazy\" decoding=\"async\" aria-describedby=\"caption-attachment-26192\" class=\"size-medium wp-image-26192\" title=\"cocina de casa de El Palidejo\" src=\"https:\/\/elcronistadigital.com\/wp-content\/uploads\/2013\/11\/cocina-de-casa-de-El-Palidejo-300x199.jpg\" alt=\"\" width=\"300\" height=\"199\" srcset=\"https:\/\/elcronistadigital.com\/wp-content\/uploads\/2013\/11\/cocina-de-casa-de-El-Palidejo-300x199.jpg 300w, https:\/\/elcronistadigital.com\/wp-content\/uploads\/2013\/11\/cocina-de-casa-de-El-Palidejo-342x226.jpg 342w, https:\/\/elcronistadigital.com\/wp-content\/uploads\/2013\/11\/cocina-de-casa-de-El-Palidejo.jpg 660w\" sizes=\"auto, (max-width: 300px) 100vw, 300px\" \/><\/a><p id=\"caption-attachment-26192\" class=\"wp-caption-text\">La lujosa cocina de la mansi\u00f3n de El Palidejo en Costa Rica hecha con materiales importados al igual que el resto de la vivienda.<\/p><\/div>\n<p>* Pese a abrumadoras pruebas en su contra, el capo costarricense es tratado con deferencia en su pa\u00eds y en Guatemala, donde ha sido imposible enjuiciarlo y lo han llenado de privilegios carcelarios<\/p>\n<p>Mientras en Guatemala hacen \u201cde hule\u201d el juicio en contra de Alejandro Jim\u00e9nez, alias \u201cEl Palidejo\u201d, en Costa Rica se puso en alquiler la lujosa vivienda del capo que intentar asesinar al nicarag\u00fcense Henry Fari\u00f1as a trav\u00e9s de sicarios, termin\u00f3 asesinando al cantautor argentino Facundo Cabral en la capital chapina.<\/p>\n<p>La casa que habitaba \u201cEl Palidejo\u201d antes de huir al ser descubierta su participaci\u00f3n en el crimen de Cabral, est\u00e1 valorada en US$ 2 millones, y no est\u00e1 en custodia del Ministerio P\u00fablico ni de autoridades antidrogas que investigan al costarricense y su familia por lavado de dinero.<\/p>\n<p>Hasta hace poco, seg\u00fan el Diario Extra del pa\u00eds vecino, la mansi\u00f3n era habitada por una hermana de Jim\u00e9nez, quien repentinamente la abandon\u00f3. El Instituto Costarricense de Drogas (ICD) cuida los bienes para defender los derechos de terceras personas o bien si en un futuro pasan a manos del Estado.<\/p>\n<p>La residencia, ubicada en Canoas de Alajuela, fue allanada el 10 de agosto de 2011 por el Organismo de Investigaci\u00f3n Judicial (OIJ) y la fiscal\u00eda, como parte de la b\u00fasqueda de pruebas contra Jim\u00e9nez por la causa abierta que se sigue en su contra.<\/p>\n<p>Jim\u00e9nez fue detenido el 15 de marzo de 2012 en Colombia, cuando intentaba huir hacia un sector monta\u00f1oso y fue trasladado a Guatemala, donde espera un juicio por el homicidio del cantautor argentino Facundo Cabral.<\/p>\n<p>Engels Jim\u00e9nez, jefe de la Unidad de Recuperaci\u00f3n de Activos del ICD, que los acabados de la residencia son de lujo.<\/p>\n<p>\u201cNosotros los custodiamos para darle mantenimiento luego de que fuera entregada (la mansi\u00f3n) la semana pasada en dep\u00f3sito judicial, venderla es muy dif\u00edcil por el costo, ya que todo es de lujo. El arriendo se dar\u00e1 con las cortinas, l\u00e1mparas, con cerraduras nuevas y el mantenimiento de la piscina\u201d, explic\u00f3.<\/p>\n<div id=\"attachment_26193\" style=\"width: 310px\" class=\"wp-caption alignright\"><a href=\"https:\/\/elcronistadigital.com\/?attachment_id=26193\" rel=\"attachment wp-att-26193\"><img loading=\"lazy\" decoding=\"async\" aria-describedby=\"caption-attachment-26193\" class=\"size-medium wp-image-26193\" title=\"piscina El Palidejo\" src=\"https:\/\/elcronistadigital.com\/wp-content\/uploads\/2013\/11\/piscina-El-Palidejo-300x199.jpg\" alt=\"\" width=\"300\" height=\"199\" srcset=\"https:\/\/elcronistadigital.com\/wp-content\/uploads\/2013\/11\/piscina-El-Palidejo-300x199.jpg 300w, https:\/\/elcronistadigital.com\/wp-content\/uploads\/2013\/11\/piscina-El-Palidejo-342x227.jpg 342w, https:\/\/elcronistadigital.com\/wp-content\/uploads\/2013\/11\/piscina-El-Palidejo.jpg 720w\" sizes=\"auto, (max-width: 300px) 100vw, 300px\" \/><\/a><p id=\"caption-attachment-26193\" class=\"wp-caption-text\">Piscina con jacuzzi y cer\u00e1mica tra\u00edda de Italia.<\/p><\/div>\n<p>Agreg\u00f3 que misteriosamente el medidor de agua desapareci\u00f3, pese a que la casa tiene agua, sin embargo la electricidad est\u00e1 cortada y se presume que se debe m\u00e1s de 1 mill\u00f3n de colones.<\/p>\n<p>\u201cEl Palidejo\u201d era un vendedor de verduras sin t\u00edtulos acad\u00e9micos, a quien le decomisaron 80 bienes tras una serie de allanamientos. Se conoci\u00f3 que posee una red de sociedades an\u00f3nimas, las cuales contienen veh\u00edculos lujosos valorados hasta en US$ 80 mil cada uno, seg\u00fan las autoridades.<\/p>\n<p>El capo tico construy\u00f3 y vivi\u00f3 durante algunos meses la casa que siempre so\u00f1\u00f3, en la que instal\u00f3 candelabros de plata, cortinas tra\u00eddas de Europa, l\u00e1mparas chinas. Llos cl\u00f3sets de los seis dormitorios son de maderas finas (crist\u00f3bal y jen\u00edzaro). Incluso guardaba sus finos licores en un lugar espec\u00edfico.<\/p>\n<p>Toda la residencia tiene aire acondicionado, adem\u00e1s cuenta con un gimnasio, piscina con jacuzzi y un rancho con tejas y bamb\u00fa tra\u00eddos de una zona ind\u00edgena de Guatemala. Adem\u00e1s tiene dos ba\u00f1os, describe el periodista Manuel Estrada, del Diario Extra.<\/p>\n<p>Tiene adem\u00e1s dos cocheras para cuatro veh\u00edculos, cada una con port\u00f3n el\u00e9ctrico, y cuatro dormitorios con tina, alfombras y muebles importadas de la India. La l\u00ednea blanca fue tra\u00edda de Estados Unidos. Adem\u00e1s las mesas de la cocina son de granito negro.<\/p>\n<p>En su andar por Centroam\u00e9rica, \u201cEl Palidejo\u201d visitaba Panam\u00e1, donde invert\u00eda parte del dinero procedente al parecer del narcotr\u00e1fico. Usaba pasaporte costarricense pero cuando lo hac\u00eda al resto de la regi\u00f3n usaba identidad falsa, pasando como un nicarag\u00fcense llamado Jos\u00e9 Fernando Treminio D\u00edaz.<\/p>\n<p>Francisco Campos, abogado de Jim\u00e9nez, declar\u00f3 que la \u201ccasita\u201d est\u00e1 liberada de investigaci\u00f3n porque la fiscal\u00eda no ha probado que sea un bien adquirido por negocios il\u00edcitos sino por medio del pago parcial de una hipoteca, pese a que se han identificado otras 19 sociedades vinculadas a \u201cEl Palidejo\u201d y familiares.<\/p>\n","protected":false},"excerpt":{"rendered":"<p>* Pese a abrumadoras pruebas en su contra, el capo costarricense es tratado con deferencia en su pa\u00eds y en Guatemala, donde ha sido imposible enjuiciarlo y lo han llenado de privilegios carcelarios Mientras en Guatemala hacen \u201cde hule\u201d el juicio en contra de Alejandro Jim\u00e9nez, alias \u201cEl Palidejo\u201d, en Costa Rica se puso en [&hellip;]<\/p>\n","protected":false},"author":1,"featured_media":26192,"comment_status":"open","ping_status":"open","sticky":false,"template":"","format":"standard","meta":{"om_disable_all_campaigns":false,"_monsterinsights_skip_tracking":false,"_monsterinsights_sitenote_active":false,"_monsterinsights_sitenote_note":"","_monsterinsights_sitenote_category":0,"footnotes":""},"categories":[3],"tags":[],"class_list":["post-26191","post","type-post","status-publish","format-standard","has-post-thumbnail","hentry","category-nacionales"],"aioseo_notices":[],"_links":{"self":[{"href":"https:\/\/elcronistadigital.com\/index.php?rest_route=\/wp\/v2\/posts\/26191","targetHints":{"allow":["GET"]}}],"collection":[{"href":"https:\/\/elcronistadigital.com\/index.php?rest_route=\/wp\/v2\/posts"}],"about":[{"href":"https:\/\/elcronistadigital.com\/index.php?rest_route=\/wp\/v2\/types\/post"}],"author":[{"embeddable":true,"href":"https:\/\/elcronistadigital.com\/index.php?rest_route=\/wp\/v2\/users\/1"}],"replies":[{"embeddable":true,"href":"https:\/\/elcronistadigital.com\/index.php?rest_route=%2Fwp%2Fv2%2Fcomments&post=26191"}],"version-history":[{"count":3,"href":"https:\/\/elcronistadigital.com\/index.php?rest_route=\/wp\/v2\/posts\/26191\/revisions"}],"predecessor-version":[{"id":26196,"href":"https:\/\/elcronistadigital.com\/index.php?rest_route=\/wp\/v2\/posts\/26191\/revisions\/26196"}],"wp:featuredmedia":[{"embeddable":true,"href":"https:\/\/elcronistadigital.com\/index.php?rest_route=\/wp\/v2\/media\/26192"}],"wp:attachment":[{"href":"https:\/\/elcronistadigital.com\/index.php?rest_route=%2Fwp%2Fv2%2Fmedia&parent=26191"}],"wp:term":[{"taxonomy":"category","embeddable":true,"href":"https:\/\/elcronistadigital.com\/index.php?rest_route=%2Fwp%2Fv2%2Fcategories&post=26191"},{"taxonomy":"post_tag","embeddable":true,"href":"https:\/\/elcronistadigital.com\/index.php?rest_route=%2Fwp%2Fv2%2Ftags&post=26191"}],"curies":[{"name":"wp","href":"https:\/\/api.w.org\/{rel}","templated":true}]}}