{"id":26197,"date":"2013-11-27T07:37:52","date_gmt":"2013-11-27T13:37:52","guid":{"rendered":"http:\/\/elcronistadigital.com\/?p=26197"},"modified":"2013-11-27T07:37:53","modified_gmt":"2013-11-27T13:37:53","slug":"crece-obsesion-contra-jueza-china-del-fallo-de-la-haya","status":"publish","type":"post","link":"https:\/\/elcronistadigital.com\/?p=26197","title":{"rendered":"Crece obsesi\u00f3n contra jueza china del fallo de La Haya"},"content":{"rendered":"<div id=\"attachment_26198\" style=\"width: 310px\" class=\"wp-caption alignleft\"><a href=\"https:\/\/elcronistadigital.com\/?attachment_id=26198\" rel=\"attachment wp-att-26198\"><img loading=\"lazy\" decoding=\"async\" aria-describedby=\"caption-attachment-26198\" class=\"size-medium wp-image-26198\" title=\"Xue Hanqin\" src=\"https:\/\/elcronistadigital.com\/wp-content\/uploads\/2013\/11\/Xue-Hanqin-300x207.jpg\" alt=\"\" width=\"300\" height=\"207\" srcset=\"https:\/\/elcronistadigital.com\/wp-content\/uploads\/2013\/11\/Xue-Hanqin-300x207.jpg 300w, https:\/\/elcronistadigital.com\/wp-content\/uploads\/2013\/11\/Xue-Hanqin-342x236.jpg 342w, https:\/\/elcronistadigital.com\/wp-content\/uploads\/2013\/11\/Xue-Hanqin.jpg 500w\" sizes=\"auto, (max-width: 300px) 100vw, 300px\" \/><\/a><p id=\"caption-attachment-26198\" class=\"wp-caption-text\">Existe enfermiza obsesi\u00f3n de ex canciller de Colombia en contra de la jueza china de La Haya, Xue Hanqin.<\/p><\/div>\n<p>* Ex canciller de Colombia cita blog de profesor filipino para tratar de apuntalar sus alucinadas teor\u00edas<\/p>\n<p>De obsesi\u00f3n a persecuci\u00f3n. La ex canciller de Colombia, Noem\u00ed San\u00edn, en busca de que sus teor\u00edas del \u201ccuento chino\u201d sean tomadas en cuenta por el gobierno de Colombia como una verdad absoluta, ha emprendido una verdadera persecuci\u00f3n en contra de la jueza Xue Hanquin, miembro de la Corte Internacional de Justicia (CIJ), con sede en La Haya.<\/p>\n<p>De acuerdo con San\u00edn, la jueza china Hanqin debi\u00f3 declararse impedida para tomar parte en el fallo de La Haya que Colombia tiene atragantado sin posibilidades de poderlo desconocer.<\/p>\n<p>Ahora resulta que la ex canciller asegura citando a uno de \u201clos m\u00e1s grandes internacionalistas del mundo\u201d, que la jueza Hanqin, \u201colvidando su condici\u00f3n de ser uno de los magistrados de la Corte Internacional de Justicia, termin\u00f3 p\u00fablica y abiertamente expresando la posici\u00f3n de la China, durante una conferencia de la Sociedad Asi\u00e1tica de Derecho Internacional celebrada en Nueva Delhi, el pasado 15 de noviembre\u201d.<\/p>\n<p>En un comunicado de prensa, San\u00edn se\u00f1ala que mientras el filipino profesor Harry Roque, el primer Asi\u00e1tico admitido para litigar ante la Corte Penal Internacional y miembro, junto a la jueza, del consejo ejecutivo de la mencionada asociaci\u00f3n, hac\u00eda su presentaci\u00f3n explicando la ausencia de una manifestaci\u00f3n oficial del Gobierno Chino sobre el mencionado litigio, \u201cla se\u00f1ora Hanqin, tom\u00f3 la vocer\u00eda y durante 20 minutos defendi\u00f3, como si fuera representante oficial de China, la posici\u00f3n de ese pa\u00eds, olvidando que su rol y su representaci\u00f3n era de Juez.<\/p>\n<p>\u201c\u2026Como lo report\u00f3 el mismo profesor Roque en su blog, usando casi las mismas palabras que San\u00edn y Ceballos utilizaron en su art\u00edculo de la Revista Semana, de abril de este a\u00f1o: El internacionalista dijo: \u201cLa jueza Hanqin era la mujer con mayor rango oficial en China, previamente a su elecci\u00f3n en la Corte Internacional de Justicia, sirvi\u00f3 como asesora legal en jefe del Canciller chino, Embajadora ante La Haya y ante el ASEAN (Asociaci\u00f3n de pa\u00edses del Sudeste Asi\u00e1tico)\u201d, se\u00f1al\u00f3.<\/p>\n<p>\u201cLa demora en actuar por parte del Gobierno Nacional ha tra\u00eddo que circunstancias de hecho por parte de Nicaragua y un fallo antijur\u00eddico contra Colombia dejado al garete, le han dado todas las ventajas estrat\u00e9gicas y geopol\u00edticas a Nicaragua para ejercer soberan\u00eda sobre un territorio colombiano, que est\u00e1 todav\u00eda en litigio puesto que no se han agotado todos los recursos jur\u00eddicos que todav\u00eda tiene Colombia\u201d, indic\u00f3 la obsesionada San\u00edn.<\/p>\n","protected":false},"excerpt":{"rendered":"<p>* Ex canciller de Colombia cita blog de profesor filipino para tratar de apuntalar sus alucinadas teor\u00edas De obsesi\u00f3n a persecuci\u00f3n. La ex canciller de Colombia, Noem\u00ed San\u00edn, en busca de que sus teor\u00edas del \u201ccuento chino\u201d sean tomadas en cuenta por el gobierno de Colombia como una verdad absoluta, ha emprendido una verdadera persecuci\u00f3n [&hellip;]<\/p>\n","protected":false},"author":1,"featured_media":26198,"comment_status":"open","ping_status":"open","sticky":false,"template":"","format":"standard","meta":{"om_disable_all_campaigns":false,"_monsterinsights_skip_tracking":false,"_monsterinsights_sitenote_active":false,"_monsterinsights_sitenote_note":"","_monsterinsights_sitenote_category":0,"footnotes":""},"categories":[3,13],"tags":[],"class_list":["post-26197","post","type-post","status-publish","format-standard","has-post-thumbnail","hentry","category-nacionales","category-portada"],"aioseo_notices":[],"_links":{"self":[{"href":"https:\/\/elcronistadigital.com\/index.php?rest_route=\/wp\/v2\/posts\/26197","targetHints":{"allow":["GET"]}}],"collection":[{"href":"https:\/\/elcronistadigital.com\/index.php?rest_route=\/wp\/v2\/posts"}],"about":[{"href":"https:\/\/elcronistadigital.com\/index.php?rest_route=\/wp\/v2\/types\/post"}],"author":[{"embeddable":true,"href":"https:\/\/elcronistadigital.com\/index.php?rest_route=\/wp\/v2\/users\/1"}],"replies":[{"embeddable":true,"href":"https:\/\/elcronistadigital.com\/index.php?rest_route=%2Fwp%2Fv2%2Fcomments&post=26197"}],"version-history":[{"count":3,"href":"https:\/\/elcronistadigital.com\/index.php?rest_route=\/wp\/v2\/posts\/26197\/revisions"}],"predecessor-version":[{"id":26201,"href":"https:\/\/elcronistadigital.com\/index.php?rest_route=\/wp\/v2\/posts\/26197\/revisions\/26201"}],"wp:featuredmedia":[{"embeddable":true,"href":"https:\/\/elcronistadigital.com\/index.php?rest_route=\/wp\/v2\/media\/26198"}],"wp:attachment":[{"href":"https:\/\/elcronistadigital.com\/index.php?rest_route=%2Fwp%2Fv2%2Fmedia&parent=26197"}],"wp:term":[{"taxonomy":"category","embeddable":true,"href":"https:\/\/elcronistadigital.com\/index.php?rest_route=%2Fwp%2Fv2%2Fcategories&post=26197"},{"taxonomy":"post_tag","embeddable":true,"href":"https:\/\/elcronistadigital.com\/index.php?rest_route=%2Fwp%2Fv2%2Ftags&post=26197"}],"curies":[{"name":"wp","href":"https:\/\/api.w.org\/{rel}","templated":true}]}}