{"id":26212,"date":"2013-11-27T08:59:05","date_gmt":"2013-11-27T14:59:05","guid":{"rendered":"http:\/\/elcronistadigital.com\/?p=26212"},"modified":"2013-11-27T08:59:06","modified_gmt":"2013-11-27T14:59:06","slug":"congresistas-opuestos-a-patrullajes-de-nicaragua-con-rusia-y-eu","status":"publish","type":"post","link":"https:\/\/elcronistadigital.com\/?p=26212","title":{"rendered":"Congresistas opuestos a patrullajes de Nicaragua con Rusia y EU"},"content":{"rendered":"<div id=\"attachment_26213\" style=\"width: 310px\" class=\"wp-caption alignleft\"><a href=\"https:\/\/elcronistadigital.com\/?attachment_id=26213\" rel=\"attachment wp-att-26213\"><img loading=\"lazy\" decoding=\"async\" aria-describedby=\"caption-attachment-26213\" class=\"size-medium wp-image-26213\" title=\"Buques F-21 y F-25 Venezuela\" src=\"https:\/\/elcronistadigital.com\/wp-content\/uploads\/2013\/11\/Buques-F-21-y-F-25-Venezuela-300x186.jpg\" alt=\"\" width=\"300\" height=\"186\" srcset=\"https:\/\/elcronistadigital.com\/wp-content\/uploads\/2013\/11\/Buques-F-21-y-F-25-Venezuela-300x186.jpg 300w, https:\/\/elcronistadigital.com\/wp-content\/uploads\/2013\/11\/Buques-F-21-y-F-25-Venezuela-1024x636.jpg 1024w, https:\/\/elcronistadigital.com\/wp-content\/uploads\/2013\/11\/Buques-F-21-y-F-25-Venezuela-342x212.jpg 342w, https:\/\/elcronistadigital.com\/wp-content\/uploads\/2013\/11\/Buques-F-21-y-F-25-Venezuela.jpg 1600w\" sizes=\"auto, (max-width: 300px) 100vw, 300px\" \/><\/a><p id=\"caption-attachment-26213\" class=\"wp-caption-text\">Buques de guerra venezolanos en su mar Caribe. Colombia teme verlos en territorio que La Haya devolvi\u00f3 a Nicaragua.<\/p><\/div>\n<p>* Resienten particularmente que puedan pasar por territorio que nos devolvi\u00f3 La Haya, buques de Cuba y Venezuela<\/p>\n<p>Dos congresistas del Partido de la U, de Colombia, elevaron una propuesta al Senado de su pa\u00eds para que en pleno \u201cexija\u201d a su gobierno una respuesta de Nicaragua por autorizar patrullajes en la zona del mar Caribe que le devolvi\u00f3 la Corte Internacional de Justicia,<\/p>\n<p>Juan Carlos V\u00e9lez y Juan Lozano son los congresistas que reaccionaron con escozor ante la aprobaci\u00f3n del Parlamento nicarag\u00fcense, para patrullar con Rusia y Estados Unidos el \u201cmare nostrum\u201d enclavado en el Caribe.<\/p>\n<p>V\u00e9lez, en di\u00e1logo con Voces RCN, dijo que no es posible que tropas de Rusia, Estados Unidos \u201cy lo que es peor, de Cuba y Venezuela\u201d, puedan pasar por un territorio que no le pertenece a Nicaragua y que a\u00fan est\u00e1 en litigio ante la Corte Internacional de Justicia.<\/p>\n<p>El senador afirm\u00f3 que es urgente el pronunciamiento del gobierno colombiano y exhort\u00f3 adem\u00e1s a las fuerzas armadas de su pa\u00eds para que hagan presencia en la zona lim\u00edtrofe con Nicaragua.<\/p>\n<p>Es necesario que Colombia ejerza soberan\u00eda \u201cen el territorio que nos pertenece a nosotros\u201d, agreg\u00f3.<\/p>\n","protected":false},"excerpt":{"rendered":"<p>* Resienten particularmente que puedan pasar por territorio que nos devolvi\u00f3 La Haya, buques de Cuba y Venezuela Dos congresistas del Partido de la U, de Colombia, elevaron una propuesta al Senado de su pa\u00eds para que en pleno \u201cexija\u201d a su gobierno una respuesta de Nicaragua por autorizar patrullajes en la zona del mar [&hellip;]<\/p>\n","protected":false},"author":1,"featured_media":26213,"comment_status":"open","ping_status":"open","sticky":false,"template":"","format":"standard","meta":{"om_disable_all_campaigns":false,"_monsterinsights_skip_tracking":false,"_monsterinsights_sitenote_active":false,"_monsterinsights_sitenote_note":"","_monsterinsights_sitenote_category":0,"footnotes":""},"categories":[3,13],"tags":[],"class_list":["post-26212","post","type-post","status-publish","format-standard","has-post-thumbnail","hentry","category-nacionales","category-portada"],"aioseo_notices":[],"_links":{"self":[{"href":"https:\/\/elcronistadigital.com\/index.php?rest_route=\/wp\/v2\/posts\/26212","targetHints":{"allow":["GET"]}}],"collection":[{"href":"https:\/\/elcronistadigital.com\/index.php?rest_route=\/wp\/v2\/posts"}],"about":[{"href":"https:\/\/elcronistadigital.com\/index.php?rest_route=\/wp\/v2\/types\/post"}],"author":[{"embeddable":true,"href":"https:\/\/elcronistadigital.com\/index.php?rest_route=\/wp\/v2\/users\/1"}],"replies":[{"embeddable":true,"href":"https:\/\/elcronistadigital.com\/index.php?rest_route=%2Fwp%2Fv2%2Fcomments&post=26212"}],"version-history":[{"count":3,"href":"https:\/\/elcronistadigital.com\/index.php?rest_route=\/wp\/v2\/posts\/26212\/revisions"}],"predecessor-version":[{"id":26216,"href":"https:\/\/elcronistadigital.com\/index.php?rest_route=\/wp\/v2\/posts\/26212\/revisions\/26216"}],"wp:featuredmedia":[{"embeddable":true,"href":"https:\/\/elcronistadigital.com\/index.php?rest_route=\/wp\/v2\/media\/26213"}],"wp:attachment":[{"href":"https:\/\/elcronistadigital.com\/index.php?rest_route=%2Fwp%2Fv2%2Fmedia&parent=26212"}],"wp:term":[{"taxonomy":"category","embeddable":true,"href":"https:\/\/elcronistadigital.com\/index.php?rest_route=%2Fwp%2Fv2%2Fcategories&post=26212"},{"taxonomy":"post_tag","embeddable":true,"href":"https:\/\/elcronistadigital.com\/index.php?rest_route=%2Fwp%2Fv2%2Ftags&post=26212"}],"curies":[{"name":"wp","href":"https:\/\/api.w.org\/{rel}","templated":true}]}}