{"id":26222,"date":"2013-11-27T10:12:22","date_gmt":"2013-11-27T16:12:22","guid":{"rendered":"http:\/\/elcronistadigital.com\/?p=26222"},"modified":"2013-11-27T10:12:22","modified_gmt":"2013-11-27T16:12:22","slug":"colombia-molesta-por-nueva-demanda-de-nicaragua","status":"publish","type":"post","link":"https:\/\/elcronistadigital.com\/?p=26222","title":{"rendered":"Colombia molesta por nueva demanda de Nicaragua"},"content":{"rendered":"<div id=\"attachment_26223\" style=\"width: 310px\" class=\"wp-caption alignleft\"><a href=\"https:\/\/elcronistadigital.com\/?attachment_id=26223\" rel=\"attachment wp-att-26223\"><img loading=\"lazy\" decoding=\"async\" aria-describedby=\"caption-attachment-26223\" class=\"size-medium wp-image-26223\" title=\"pesca Caribe\" src=\"https:\/\/elcronistadigital.com\/wp-content\/uploads\/2013\/11\/pesca-Caribe-300x198.jpg\" alt=\"\" width=\"300\" height=\"198\" srcset=\"https:\/\/elcronistadigital.com\/wp-content\/uploads\/2013\/11\/pesca-Caribe-300x198.jpg 300w, https:\/\/elcronistadigital.com\/wp-content\/uploads\/2013\/11\/pesca-Caribe-342x226.jpg 342w, https:\/\/elcronistadigital.com\/wp-content\/uploads\/2013\/11\/pesca-Caribe.jpg 476w\" sizes=\"auto, (max-width: 300px) 100vw, 300px\" \/><\/a><p id=\"caption-attachment-26223\" class=\"wp-caption-text\">Colombia est\u00e1 amenazando en el Caribe a pescadores nicarag\u00fcenses.<\/p><\/div>\n<p>* Canciller Holgu\u00edn se queja porque La Haya conocer\u00e1 de amenazas contra nuestro pa\u00eds, sobre todo contra pescadores que faenan en aguas que nos pertenecen<\/p>\n<p>Pese a que Colombia anunci\u00f3 \u201cpor sus pistolas\u201d que el fallo de la Corte Internacional de Justicia era \u201cinaplicable\u201d, la canciller de ese pa\u00eds, Mar\u00eda \u00c1ngela Holgu\u00edn confirm\u00f3 el martes que Nicaragua entabl\u00f3 una nueva demanda contra su pa\u00eds ante La Haya, por amenazas con el uso de la fuerza en el mar Caribe.<\/p>\n<p>Holgu\u00edn, quien junto al presidente Juan Manuel Santos ignor\u00f3 los llamados del mandatario Daniel Ortega para buscar la forma de darle cumplimiento al fallo, lament\u00f3 que el gobierno de Managua no haya acudido a v\u00edas bilaterales para solucionar estos temas.<\/p>\n<p>En entrevista con Caracol Radio, Holgu\u00edn dijo que son dos las nuevas demandas entabladas por Nicaragua contra Colombia, pues en septiembre hab\u00eda realizado otra por la plataforma continental extendida.<\/p>\n<p>\u201cEs incre\u00edble que Nicaragua siga buscando la Corte de La Haya para dirimir asuntos bilaterales, sin que previamente haya hablado con nosotros\u201d, dijo Holgu\u00edn. A\u00f1adi\u00f3 que \u00abNicaragua no nos ha hecho ning\u00fan tipo de manifestaci\u00f3n de las quejas que hace en la Corte, ni hay ning\u00fan tipo de nota al respecto\u00bb.<\/p>\n<p>Y abund\u00f3 la Canciller que es claro que este tipo de temas primero se resuelven bilateralmente, pero no ha habido ninguna nota, \u201cni nos han expresado que se sientan amenazados\u201d, como si hiciera falta despu\u00e9s de que Santos vocifer\u00f3 contra Nicaragua desde un buque de guerra y a las reiteradas declaraciones enconadas de su ministro de Defensa y sus jefes militares.<\/p>\n<p>Sobre la primera demanda, relacionada con la plataforma continental extendida, Holgu\u00edn dijo que ya est\u00e1 listo el equipo de defensa, con Carlos Gustavo Arrieta, Manuel Jos\u00e9 Cepeda y un equipo de abogados internacionales que se reunir\u00e1 el 6 de diciembre en La Haya con el secretario de la Corte y el agente de Nicaragua.<\/p>\n<p>Sobre la nueva demanda, se\u00f1al\u00f3 que \u00abnos notificamos ayer y responderemos cuando corresponda\u00bb.<\/p>\n<p>La canciller colombiana consider\u00f3 que Nicaragua \u00abes un p\u00e9simo vecino\u00bb, pues acude directamente a la Corte sin exponer primero sus quejas ante Colombia.<\/p>\n<p>Relat\u00f3 que en septiembre vio al canciller nicarag\u00fcense, Samuel Santos, pero no dijo nada y estuvo muy amable.<\/p>\n<p>Ahora denuncian que los pescadores nicarag\u00fcenses se sienten amedrentados, cosa que jam\u00e1s lo han dicho a nosotros y los pescadores est\u00e1n ah\u00ed, precis\u00f3 Holgu\u00edn en Caracol Radio.<\/p>\n","protected":false},"excerpt":{"rendered":"<p>* Canciller Holgu\u00edn se queja porque La Haya conocer\u00e1 de amenazas contra nuestro pa\u00eds, sobre todo contra pescadores que faenan en aguas que nos pertenecen Pese a que Colombia anunci\u00f3 \u201cpor sus pistolas\u201d que el fallo de la Corte Internacional de Justicia era \u201cinaplicable\u201d, la canciller de ese pa\u00eds, Mar\u00eda \u00c1ngela Holgu\u00edn confirm\u00f3 el martes [&hellip;]<\/p>\n","protected":false},"author":1,"featured_media":26223,"comment_status":"open","ping_status":"open","sticky":false,"template":"","format":"standard","meta":{"om_disable_all_campaigns":false,"_monsterinsights_skip_tracking":false,"_monsterinsights_sitenote_active":false,"_monsterinsights_sitenote_note":"","_monsterinsights_sitenote_category":0,"footnotes":""},"categories":[3,13],"tags":[],"class_list":["post-26222","post","type-post","status-publish","format-standard","has-post-thumbnail","hentry","category-nacionales","category-portada"],"aioseo_notices":[],"_links":{"self":[{"href":"https:\/\/elcronistadigital.com\/index.php?rest_route=\/wp\/v2\/posts\/26222","targetHints":{"allow":["GET"]}}],"collection":[{"href":"https:\/\/elcronistadigital.com\/index.php?rest_route=\/wp\/v2\/posts"}],"about":[{"href":"https:\/\/elcronistadigital.com\/index.php?rest_route=\/wp\/v2\/types\/post"}],"author":[{"embeddable":true,"href":"https:\/\/elcronistadigital.com\/index.php?rest_route=\/wp\/v2\/users\/1"}],"replies":[{"embeddable":true,"href":"https:\/\/elcronistadigital.com\/index.php?rest_route=%2Fwp%2Fv2%2Fcomments&post=26222"}],"version-history":[{"count":3,"href":"https:\/\/elcronistadigital.com\/index.php?rest_route=\/wp\/v2\/posts\/26222\/revisions"}],"predecessor-version":[{"id":26226,"href":"https:\/\/elcronistadigital.com\/index.php?rest_route=\/wp\/v2\/posts\/26222\/revisions\/26226"}],"wp:featuredmedia":[{"embeddable":true,"href":"https:\/\/elcronistadigital.com\/index.php?rest_route=\/wp\/v2\/media\/26223"}],"wp:attachment":[{"href":"https:\/\/elcronistadigital.com\/index.php?rest_route=%2Fwp%2Fv2%2Fmedia&parent=26222"}],"wp:term":[{"taxonomy":"category","embeddable":true,"href":"https:\/\/elcronistadigital.com\/index.php?rest_route=%2Fwp%2Fv2%2Fcategories&post=26222"},{"taxonomy":"post_tag","embeddable":true,"href":"https:\/\/elcronistadigital.com\/index.php?rest_route=%2Fwp%2Fv2%2Ftags&post=26222"}],"curies":[{"name":"wp","href":"https:\/\/api.w.org\/{rel}","templated":true}]}}