{"id":26227,"date":"2013-11-27T11:18:21","date_gmt":"2013-11-27T17:18:21","guid":{"rendered":"http:\/\/elcronistadigital.com\/?p=26227"},"modified":"2013-11-27T11:18:21","modified_gmt":"2013-11-27T17:18:21","slug":"colombia-llama-a-su-embajadora-en-nicaragua","status":"publish","type":"post","link":"https:\/\/elcronistadigital.com\/?p=26227","title":{"rendered":"Colombia llama a su embajadora en Nicaragua"},"content":{"rendered":"<p><a href=\"https:\/\/elcronistadigital.com\/?attachment_id=26228\" rel=\"attachment wp-att-26228\"><img loading=\"lazy\" decoding=\"async\" class=\"alignleft size-medium wp-image-26228\" title=\"Luz Estela Jara, embajadora de Colombia en Nicaragua.\" src=\"https:\/\/elcronistadigital.com\/wp-content\/uploads\/2013\/11\/Luz-Estela-Jara-300x169.jpg\" alt=\"\" width=\"300\" height=\"169\" srcset=\"https:\/\/elcronistadigital.com\/wp-content\/uploads\/2013\/11\/Luz-Estela-Jara-300x169.jpg 300w, https:\/\/elcronistadigital.com\/wp-content\/uploads\/2013\/11\/Luz-Estela-Jara-342x192.jpg 342w, https:\/\/elcronistadigital.com\/wp-content\/uploads\/2013\/11\/Luz-Estela-Jara.jpg 639w\" sizes=\"auto, (max-width: 300px) 100vw, 300px\" \/><\/a>* Canciller Holgu\u00edn manipula denuncia en contra de su pa\u00eds y sigue con juego de palabras: \u201cNo hemos desconocido el fallo, no hemos desconocido a la Corte. Lo que hemos dicho es que no lo podemos aplicar\u201d<\/p>\n<p>El Gobierno de Colombia llam\u00f3 a consultas a su embajadora en Nicaragua, Luz Estela Jara, tras conocerse que el pa\u00eds centroamericano present\u00f3 una nueva demanda contra Colombia ante la Corte Internacional de Justicia (CIJ) de La Haya.<\/p>\n<p>El llamado a consultas lo anunci\u00f3 la canciller, Mar\u00eda \u00c1ngela Holgu\u00edn, en una rueda de prensa en la que se\u00f1al\u00f3 que la diplom\u00e1tica colombiana estar\u00e1 de vuelta en el pa\u00eds este jueves.<\/p>\n<p>\u00abNo hemos desconocido el fallo, no hemos desconocido a la Corte. Lo que hemos dicho es que no lo podemos aplicar. Todas estas razones y esta hostilidad de Nicaragua nos llevan a tomar una decisi\u00f3n y es que hemos llamado a consultas a la se\u00f1ora embajadora Luz Stella Jara\u00bb, se\u00f1al\u00f3 la canciller,<\/p>\n<p>\u00abDebe estar llegando el d\u00eda de ma\u00f1ana para que nos informe la situaci\u00f3n por la cual es tambi\u00e9n imposible tener un di\u00e1logo con Nicaragua\u00bb, agreg\u00f3.<\/p>\n<p>El anuncio de la ministra se da luego de conocerse que Nicaragua denunci\u00f3 a Colombia ante la Corte Internacional de Justicia (CIJ) por incumplir la sentencia del tribunal que modific\u00f3 la frontera mar\u00edtima entre los dos pa\u00edses y por amenazar con el uso de la fuerza en la zona.<\/p>\n<p>Al respecto, la canciller tild\u00f3 de \u00abhostil\u00bb el proceder de Nicaragua y advirti\u00f3 que el Gobierno colombiano no responder\u00e1 \u00aben caliente\u00bb a las provocaciones nicarag\u00fcenses.<\/p>\n<p>\u201cAlegan que hay uso de la fuerza y buscan mantenernos en la Corte, porque justo este mi\u00e9rcoles se hac\u00eda efectivo el retiro. Vamos a reaccionar cuidadosamente y no en caliente\u201d, dijo la canciller en di\u00e1logo con Blu Radio.<\/p>\n","protected":false},"excerpt":{"rendered":"<p>* Canciller Holgu\u00edn manipula denuncia en contra de su pa\u00eds y sigue con juego de palabras: \u201cNo hemos desconocido el fallo, no hemos desconocido a la Corte. Lo que hemos dicho es que no lo podemos aplicar\u201d El Gobierno de Colombia llam\u00f3 a consultas a su embajadora en Nicaragua, Luz Estela Jara, tras conocerse que [&hellip;]<\/p>\n","protected":false},"author":1,"featured_media":26228,"comment_status":"open","ping_status":"open","sticky":false,"template":"","format":"standard","meta":{"om_disable_all_campaigns":false,"_monsterinsights_skip_tracking":false,"_monsterinsights_sitenote_active":false,"_monsterinsights_sitenote_note":"","_monsterinsights_sitenote_category":0,"footnotes":""},"categories":[3,13],"tags":[],"class_list":["post-26227","post","type-post","status-publish","format-standard","has-post-thumbnail","hentry","category-nacionales","category-portada"],"aioseo_notices":[],"_links":{"self":[{"href":"https:\/\/elcronistadigital.com\/index.php?rest_route=\/wp\/v2\/posts\/26227","targetHints":{"allow":["GET"]}}],"collection":[{"href":"https:\/\/elcronistadigital.com\/index.php?rest_route=\/wp\/v2\/posts"}],"about":[{"href":"https:\/\/elcronistadigital.com\/index.php?rest_route=\/wp\/v2\/types\/post"}],"author":[{"embeddable":true,"href":"https:\/\/elcronistadigital.com\/index.php?rest_route=\/wp\/v2\/users\/1"}],"replies":[{"embeddable":true,"href":"https:\/\/elcronistadigital.com\/index.php?rest_route=%2Fwp%2Fv2%2Fcomments&post=26227"}],"version-history":[{"count":3,"href":"https:\/\/elcronistadigital.com\/index.php?rest_route=\/wp\/v2\/posts\/26227\/revisions"}],"predecessor-version":[{"id":26231,"href":"https:\/\/elcronistadigital.com\/index.php?rest_route=\/wp\/v2\/posts\/26227\/revisions\/26231"}],"wp:featuredmedia":[{"embeddable":true,"href":"https:\/\/elcronistadigital.com\/index.php?rest_route=\/wp\/v2\/media\/26228"}],"wp:attachment":[{"href":"https:\/\/elcronistadigital.com\/index.php?rest_route=%2Fwp%2Fv2%2Fmedia&parent=26227"}],"wp:term":[{"taxonomy":"category","embeddable":true,"href":"https:\/\/elcronistadigital.com\/index.php?rest_route=%2Fwp%2Fv2%2Fcategories&post=26227"},{"taxonomy":"post_tag","embeddable":true,"href":"https:\/\/elcronistadigital.com\/index.php?rest_route=%2Fwp%2Fv2%2Ftags&post=26227"}],"curies":[{"name":"wp","href":"https:\/\/api.w.org\/{rel}","templated":true}]}}