{"id":26244,"date":"2013-11-27T16:07:02","date_gmt":"2013-11-27T22:07:02","guid":{"rendered":"http:\/\/elcronistadigital.com\/?p=26244"},"modified":"2013-11-27T16:07:02","modified_gmt":"2013-11-27T22:07:02","slug":"taiwan-apoya-comercializacion-del-cafe-nicaraguense","status":"publish","type":"post","link":"https:\/\/elcronistadigital.com\/?p=26244","title":{"rendered":"Taiw\u00e1n apoya comercializaci\u00f3n del caf\u00e9 nicarag\u00fcense"},"content":{"rendered":"<p><a href=\"https:\/\/elcronistadigital.com\/?attachment_id=26245\" rel=\"attachment wp-att-26245\"><img loading=\"lazy\" decoding=\"async\" class=\"alignright size-medium wp-image-26245\" title=\"cafe taiwan\" src=\"https:\/\/elcronistadigital.com\/wp-content\/uploads\/2013\/11\/cafe-taiwan-300x233.jpg\" alt=\"\" width=\"300\" height=\"233\" srcset=\"https:\/\/elcronistadigital.com\/wp-content\/uploads\/2013\/11\/cafe-taiwan-300x233.jpg 300w, https:\/\/elcronistadigital.com\/wp-content\/uploads\/2013\/11\/cafe-taiwan-342x266.jpg 342w, https:\/\/elcronistadigital.com\/wp-content\/uploads\/2013\/11\/cafe-taiwan.jpg 564w\" sizes=\"auto, (max-width: 300px) 100vw, 300px\" \/><\/a>Con el objetivo de abrir un abanico de oportunidades y otorgar de primera l\u00ednea acceso al mercado taiwan\u00e9s a los exportadores de caf\u00e9 nicarag\u00fcenses, la C\u00e1mara Empresarial Taiwanesa Nicarag\u00fcense (Cetainic), realiz\u00f3 el Seminario \u201cHacia d\u00f3nde van los precios y perspectiva del Caf\u00e9\u201d y \u201cApertura del Mercado de Taiw\u00e1n al Caf\u00e9 de Nicaragua\u201d.<\/p>\n<p>En este evento participaron expositores nacionales y expertos internacionales como el reconocido especialista Alberto Inocente \u00c1lvarez, con una trayectoria de m\u00e1s de tres d\u00e9cadas en mercados de futuro, abordando el tema: Estrategia de fijaci\u00f3n en bolsa y perspectivas de precios.<\/p>\n<p>Mercado de futuro del caf\u00e9, Coyuntura nacional del comercio del caf\u00e9, Acceso a financiamiento y opciones de comercio de caf\u00e9 al mercado de Taiw\u00e1n, fueron entre otros los temas que presentaron los panelistas Ra\u00fal Amador Somarriba, vicepresidente de Invercasa; Jos\u00e9 \u00c1ngel Buitrago Arostegu\u00ed, presidente de la Asociaci\u00f3n de Exportadores de Caf\u00e9 de Nicaragua; C\u00e9sar Gross, vicegerente general de Alfinsa y Anita Huang, Consejera Econ\u00f3mica de la Embajada de la Rep\u00fablica de China -Taiw\u00e1n.<\/p>\n<p>El presidente de la C\u00e1mara Empresarial Taiwanesa Nicarag\u00fcense (Cetainic), Aar\u00f3n Guerrero, dio la bienvenida a m\u00e1s de 120 productores de caf\u00e9 de las diferentes asociaciones del pa\u00eds, quienes se manifestaron optimistas por las nuevas oportunidades que se les brindaron durante el encuentro, en el que tuvieron espacios de intercambio con funcionarios de la Embajada de Taiw\u00e1n en Nicaragua.<\/p>\n<p>La embajadora de Taiw\u00e1n, Sra. Ingrid Hsing, expres\u00f3 que a partir de la vigencia del Tratado de Libre Comercio (TLC) entre Taiw\u00e1n y Nicaragua, las exportaciones nicas a Taiw\u00e1n se han quintuplicado de US$ 8.6 en el 2006 a US$ 52.3 millones en el 2012, y Taiw\u00e1n se ha convertido en el primer mercado asi\u00e1tico de los productos nicarag\u00fcenses.<\/p>\n<p>Record\u00f3 que ante la reciente plaga de la roya, Taiw\u00e1n no pod\u00eda estar indiferente por lo que recientemente se firm\u00f3 un convenio con el Banco Centroamericano de Integraci\u00f3n Econ\u00f3mica (BCIE), para brindar asistencia financiera as\u00ed como t\u00e9cnica no reembolsable para salvaguardar al sector cafetalero de la regi\u00f3n.<\/p>\n<p>Por su parte, el vicepresidente Omar Halleslevens, destac\u00f3 que el mercado de Taiw\u00e1n es una ventana para acercar los productos nicarag\u00fcenses al mercado asi\u00e1tico. Aunque ellos consumen bastante t\u00e9, su bebida por excelencia, el caf\u00e9 est\u00e1 permitiendo tener una cuota de consumidores. Taiw\u00e1n es un pa\u00eds en el que nuestra balanza comercial es positiva porque exportamos m\u00e1s de lo que importamos, concluy\u00f3.<\/p>\n<p>La C\u00e1mara Empresarial Taiwanesa Nicarag\u00fcense (Cetainic) fundada en 2007, cuenta con m\u00e1s de 70 empresas nicarag\u00fcenses y taiwanesas miembros.<\/p>\n","protected":false},"excerpt":{"rendered":"<p>Con el objetivo de abrir un abanico de oportunidades y otorgar de primera l\u00ednea acceso al mercado taiwan\u00e9s a los exportadores de caf\u00e9 nicarag\u00fcenses, la C\u00e1mara Empresarial Taiwanesa Nicarag\u00fcense (Cetainic), realiz\u00f3 el Seminario \u201cHacia d\u00f3nde van los precios y perspectiva del Caf\u00e9\u201d y \u201cApertura del Mercado de Taiw\u00e1n al Caf\u00e9 de Nicaragua\u201d. En este evento [&hellip;]<\/p>\n","protected":false},"author":1,"featured_media":26245,"comment_status":"open","ping_status":"open","sticky":false,"template":"","format":"standard","meta":{"om_disable_all_campaigns":false,"_monsterinsights_skip_tracking":false,"_monsterinsights_sitenote_active":false,"_monsterinsights_sitenote_note":"","_monsterinsights_sitenote_category":0,"footnotes":""},"categories":[3],"tags":[],"class_list":["post-26244","post","type-post","status-publish","format-standard","has-post-thumbnail","hentry","category-nacionales"],"aioseo_notices":[],"_links":{"self":[{"href":"https:\/\/elcronistadigital.com\/index.php?rest_route=\/wp\/v2\/posts\/26244","targetHints":{"allow":["GET"]}}],"collection":[{"href":"https:\/\/elcronistadigital.com\/index.php?rest_route=\/wp\/v2\/posts"}],"about":[{"href":"https:\/\/elcronistadigital.com\/index.php?rest_route=\/wp\/v2\/types\/post"}],"author":[{"embeddable":true,"href":"https:\/\/elcronistadigital.com\/index.php?rest_route=\/wp\/v2\/users\/1"}],"replies":[{"embeddable":true,"href":"https:\/\/elcronistadigital.com\/index.php?rest_route=%2Fwp%2Fv2%2Fcomments&post=26244"}],"version-history":[{"count":3,"href":"https:\/\/elcronistadigital.com\/index.php?rest_route=\/wp\/v2\/posts\/26244\/revisions"}],"predecessor-version":[{"id":26248,"href":"https:\/\/elcronistadigital.com\/index.php?rest_route=\/wp\/v2\/posts\/26244\/revisions\/26248"}],"wp:featuredmedia":[{"embeddable":true,"href":"https:\/\/elcronistadigital.com\/index.php?rest_route=\/wp\/v2\/media\/26245"}],"wp:attachment":[{"href":"https:\/\/elcronistadigital.com\/index.php?rest_route=%2Fwp%2Fv2%2Fmedia&parent=26244"}],"wp:term":[{"taxonomy":"category","embeddable":true,"href":"https:\/\/elcronistadigital.com\/index.php?rest_route=%2Fwp%2Fv2%2Fcategories&post=26244"},{"taxonomy":"post_tag","embeddable":true,"href":"https:\/\/elcronistadigital.com\/index.php?rest_route=%2Fwp%2Fv2%2Ftags&post=26244"}],"curies":[{"name":"wp","href":"https:\/\/api.w.org\/{rel}","templated":true}]}}