{"id":26261,"date":"2013-11-28T08:46:48","date_gmt":"2013-11-28T14:46:48","guid":{"rendered":"http:\/\/elcronistadigital.com\/?p=26261"},"modified":"2013-11-28T08:46:48","modified_gmt":"2013-11-28T14:46:48","slug":"peligro-por-dengue-en-mundial-de-brasil","status":"publish","type":"post","link":"https:\/\/elcronistadigital.com\/?p=26261","title":{"rendered":"Peligro por dengue en Mundial de Brasil"},"content":{"rendered":"<p><a href=\"https:\/\/elcronistadigital.com\/?attachment_id=26262\" rel=\"attachment wp-att-26262\"><img loading=\"lazy\" decoding=\"async\" class=\"alignleft size-medium wp-image-26262\" title=\"Maracana-2\" src=\"https:\/\/elcronistadigital.com\/wp-content\/uploads\/2013\/11\/Maracana-2-300x169.jpg\" alt=\"\" width=\"300\" height=\"169\" srcset=\"https:\/\/elcronistadigital.com\/wp-content\/uploads\/2013\/11\/Maracana-2-300x169.jpg 300w, https:\/\/elcronistadigital.com\/wp-content\/uploads\/2013\/11\/Maracana-2-342x192.jpg 342w, https:\/\/elcronistadigital.com\/wp-content\/uploads\/2013\/11\/Maracana-2.jpg 580w\" sizes=\"auto, (max-width: 300px) 100vw, 300px\" \/><\/a>* Cient\u00edfico brit\u00e1nico alerta a la FIFA y a los aficionados y se\u00f1ala algo desconocido por estos lares: tambi\u00e9n se transmite por mordedura de persona enferma a otra sana<\/p>\n<p>A siete meses para que comience el mundial de f\u00fatbol de Brasil en 2014, un cient\u00edfico brit\u00e1nico ha alertado a la FIFA y a las autoridades cariocas sobre el riesgo para los aficionados que acudan al pa\u00eds de contraer dengue, una enfermedad infecciosa transmitida por los mosquitos.<\/p>\n<p>En un art\u00edculo de opini\u00f3n, publicado este jueves en la revista Nature, Simon Hay, profesor de epidemiolog\u00eda de la Universidad de Oxford (Reino Unido), se\u00f1ala que el dengue podr\u00eda ser un problema importante en algunas sedes del mundial, seg\u00fan publica la agencia Sinc.<\/p>\n<p>El dengue es un enfermedad infecciosa transmitida por mosquitos, muy extendida en zonas tropicales y subtropicales, que provoca s\u00edntomas gripales y en ocasiones puede ser mortal.<\/p>\n<p>\u00abLa FIFA, las autoridades brasile\u00f1as y los patrocinadores de la Copa del Mundo deben utilizar su influencia y experiencia para comunicar el riesgo de infecci\u00f3n por dengue\u00bb, destaca Hay.<\/p>\n<p>El cient\u00edfico subraya que Fortaleza, Natal y Salvador de Bah\u00eda son las ciudades con mayores posibilidades para contraer esta enfermedad teniendo en cuenta los d\u00edas en los que se jugar\u00e1n los partidos.<\/p>\n<p>Para explorar el riesgo de transmisi\u00f3n de esta enfermedad, Hay y sus compa\u00f1eros han analizado el mapa de distribuci\u00f3n del dengue en Brasil y los registros de su variaci\u00f3n estacional en puntos estrat\u00e9gicos para el mundial de f\u00fatbol.<\/p>\n<p>\u201cEn las zonas donde se sit\u00faan los otros nueve estadios, la temporada del dengue habr\u00e1 pasado antes de que se celebre el mundial en junio y julio. Por desgracia, el riesgo sigue siendo alto en el noreste por estas fechas\u201d, recuerda Hay.<\/p>\n<p>A\u00fan se desconocen qu\u00e9 selecciones nacionales jugar\u00e1n en estas ciudades porque el sorteo del calendario ser\u00e1 el pr\u00f3ximo 6 de diciembre.<\/p>\n<p>\u201cYo no quiero disuadir a nadie de ir a la Copa del Mundo, ni se\u00f1alar a Brasil, que es uno de los m\u00e1s de 100 pa\u00edses que luchan contra el dengue en todo el mundo. Mi objetivo es informar a los espectadores acerca de los riesgos y c\u00f3mo pueden protegerse\u201d, justifica Hay en el art\u00edculo. Y a\u00f1ade: \u201cEl dengue es una amenaza persistente para los brasile\u00f1os y millones de personas que viven en los tr\u00f3picos, pero no es algo familiar para otros aficionados como los europeos\u201d.<\/p>\n<p>Prevenci\u00f3n como herramienta<\/p>\n<p>El investigador recuerda que actualmente no existen vacunas para prevenir el dengue y que se contrae por la picadura de un mosquito, principalmente Aedes aegypti, o la mordedura de una persona infectada.<\/p>\n<p>Hay recomienda a los aficionados que elijan un alojamiento con un adecuado cerramiento, uso de aire acondicionado e insecticidas interiores y llevar ropa que cubra los brazos y las piernas, entre otras medidas de prevenci\u00f3n.<\/p>\n<p>\u201cLa Copa del Mundo es una oportunidad para evaluar los nuevos sistemas de informaci\u00f3n sobre salud p\u00fablica. Si proporcionan informaci\u00f3n sobre la eficacia de las medidas preventivas de las autoridades, se podr\u00e1n dar m\u00e1s respuestas\u201d, destaca.<\/p>\n","protected":false},"excerpt":{"rendered":"<p>* Cient\u00edfico brit\u00e1nico alerta a la FIFA y a los aficionados y se\u00f1ala algo desconocido por estos lares: tambi\u00e9n se transmite por mordedura de persona enferma a otra sana A siete meses para que comience el mundial de f\u00fatbol de Brasil en 2014, un cient\u00edfico brit\u00e1nico ha alertado a la FIFA y a las autoridades [&hellip;]<\/p>\n","protected":false},"author":1,"featured_media":26262,"comment_status":"open","ping_status":"open","sticky":false,"template":"","format":"standard","meta":{"om_disable_all_campaigns":false,"_monsterinsights_skip_tracking":false,"_monsterinsights_sitenote_active":false,"_monsterinsights_sitenote_note":"","_monsterinsights_sitenote_category":0,"footnotes":""},"categories":[3,13],"tags":[],"class_list":["post-26261","post","type-post","status-publish","format-standard","has-post-thumbnail","hentry","category-nacionales","category-portada"],"aioseo_notices":[],"_links":{"self":[{"href":"https:\/\/elcronistadigital.com\/index.php?rest_route=\/wp\/v2\/posts\/26261","targetHints":{"allow":["GET"]}}],"collection":[{"href":"https:\/\/elcronistadigital.com\/index.php?rest_route=\/wp\/v2\/posts"}],"about":[{"href":"https:\/\/elcronistadigital.com\/index.php?rest_route=\/wp\/v2\/types\/post"}],"author":[{"embeddable":true,"href":"https:\/\/elcronistadigital.com\/index.php?rest_route=\/wp\/v2\/users\/1"}],"replies":[{"embeddable":true,"href":"https:\/\/elcronistadigital.com\/index.php?rest_route=%2Fwp%2Fv2%2Fcomments&post=26261"}],"version-history":[{"count":3,"href":"https:\/\/elcronistadigital.com\/index.php?rest_route=\/wp\/v2\/posts\/26261\/revisions"}],"predecessor-version":[{"id":26265,"href":"https:\/\/elcronistadigital.com\/index.php?rest_route=\/wp\/v2\/posts\/26261\/revisions\/26265"}],"wp:featuredmedia":[{"embeddable":true,"href":"https:\/\/elcronistadigital.com\/index.php?rest_route=\/wp\/v2\/media\/26262"}],"wp:attachment":[{"href":"https:\/\/elcronistadigital.com\/index.php?rest_route=%2Fwp%2Fv2%2Fmedia&parent=26261"}],"wp:term":[{"taxonomy":"category","embeddable":true,"href":"https:\/\/elcronistadigital.com\/index.php?rest_route=%2Fwp%2Fv2%2Fcategories&post=26261"},{"taxonomy":"post_tag","embeddable":true,"href":"https:\/\/elcronistadigital.com\/index.php?rest_route=%2Fwp%2Fv2%2Ftags&post=26261"}],"curies":[{"name":"wp","href":"https:\/\/api.w.org\/{rel}","templated":true}]}}