{"id":26266,"date":"2013-11-28T10:13:05","date_gmt":"2013-11-28T16:13:05","guid":{"rendered":"http:\/\/elcronistadigital.com\/?p=26266"},"modified":"2013-11-28T10:13:05","modified_gmt":"2013-11-28T16:13:05","slug":"editorial-espanola-presentara-libro-en-mexico-de-escritor-nicaraguense","status":"publish","type":"post","link":"https:\/\/elcronistadigital.com\/?p=26266","title":{"rendered":"Editorial espa\u00f1ola presentar\u00e1 libro en M\u00e9xico de escritor nicarag\u00fcense"},"content":{"rendered":"<div id=\"attachment_26267\" style=\"width: 310px\" class=\"wp-caption alignleft\"><a href=\"https:\/\/elcronistadigital.com\/?attachment_id=26267\" rel=\"attachment wp-att-26267\"><img loading=\"lazy\" decoding=\"async\" aria-describedby=\"caption-attachment-26267\" class=\"size-medium wp-image-26267\" title=\"Arqu\u00edmedes-Gonz\u00e1lez\" src=\"https:\/\/elcronistadigital.com\/wp-content\/uploads\/2013\/11\/Arqu\u00edmedes-Gonz\u00e1lez-300x190.jpg\" alt=\"\" width=\"300\" height=\"190\" srcset=\"https:\/\/elcronistadigital.com\/wp-content\/uploads\/2013\/11\/Arqu\u00edmedes-Gonz\u00e1lez-300x190.jpg 300w, https:\/\/elcronistadigital.com\/wp-content\/uploads\/2013\/11\/Arqu\u00edmedes-Gonz\u00e1lez-342x216.jpg 342w, https:\/\/elcronistadigital.com\/wp-content\/uploads\/2013\/11\/Arqu\u00edmedes-Gonz\u00e1lez.jpg 480w\" sizes=\"auto, (max-width: 300px) 100vw, 300px\" \/><\/a><p id=\"caption-attachment-26267\" class=\"wp-caption-text\">Arqu\u00edmedes Gonz\u00e1lez. (Foto: Rosario Montenegro).<\/p><\/div>\n<p>* \u00abClases de nataci\u00f3n\u00bb, de Arqu\u00edmedes Gonz\u00e1lez<\/p>\n<p>La editorial espa\u00f1ola Ediciones Irreverentes presentar\u00e1 el libro de relatos \u00abClases de nataci\u00f3n\u00bb, del escritor y periodista nicarag\u00fcense Arqu\u00edmedes Gonz\u00e1lez, en la Feria Internacional del Libro, en M\u00e9xico, que se celebrar\u00e1 del 30 de noviembre al 8 de diciembre en Guadalajara, inform\u00f3 el mi\u00e9rcoles el autor.<\/p>\n<p>Gonz\u00e1lez, ganador del Premio Centroamericano de Literatura Rogelio Sin\u00e1n 2011-2012 con su novela \u00abDos hombres y una pierna\u00bb, dijo a Efe que la editora espa\u00f1ola ya lanz\u00f3 al mercado en Espa\u00f1a su libro de relatos y la pr\u00f3xima semana lo presentar\u00e1 en M\u00e9xico.<\/p>\n<p>Seg\u00fan la editorial espa\u00f1ola, \u00abClases de nataci\u00f3n\u00bb se trata de 29 \u00abhistorias perturbadoras, relatos de aparecidos, mujeres tan enamoradas como despechadas y cuentos sorprendentes escritos con iron\u00eda y humor\u00bb elaborados de forma impactante y con \u00abuna maestr\u00eda narrativa y un dominio del idioma tan sorprendentes como gratificantes\u00bb.<\/p>\n<p>Afirma que los relatos de Gonz\u00e1lez \u00abre\u00fanen la profunda tradici\u00f3n cultural hispana y la maestr\u00eda en el cuento propia de los grandes autores hispanos, con el dominio de las nuevas formas expresivas europeas\u00bb.<\/p>\n<p>\u00abEl resultado es una obra vanguardista con potentes aromas cl\u00e1sicos y las pasiones poderosas de los habitantes de tierras c\u00e1lidas\u00bb, subraya.<\/p>\n<p>Seg\u00fan Ediciones Irreverentes, Gonz\u00e1lez \u00abes uno de los m\u00e1s destacados autores de relato de Hispanoam\u00e9rica y una de las voces m\u00e1s brillantes de la nueva narrativa hispana\u00bb.<\/p>\n<p>Gonz\u00e1lez gan\u00f3 en 2011 el VI Concurso Internacional de Relato de Humor, en Espa\u00f1a, y el IV Premio Internacional de Relato Negro.<\/p>\n<p>En 2010 obtuvo el II Premio Centroamericano de Novela Corta, en Honduras y en 2009 gan\u00f3 el Certamen de Publicaci\u00f3n de Obras Literarias del Centro Nicarag\u00fcense de Escritores.<\/p>\n<p>El escritor nicarag\u00fcense ha publicado las obras \u00abDos hombres y una pierna\u00bb, \u00abEl Fabuloso Blackwell\u00bb, \u00abTengo un mal presentimiento\u00bb, \u00abQu\u00e9 sola est\u00e1s Mait\u00e9\u00bb y \u00abLa muerte de Acuario\u00bb.<\/p>\n<p>Tambi\u00e9n ofrece en versi\u00f3n digital la trilog\u00eda policial \u00abAbril hace lo que quiere\u00bb, \u00abSue\u00f1o con dragones\u00bb y \u00abEl Juicio Final\u00bb.<\/p>\n<p>Los relatos de Gonz\u00e1lez han sido seleccionados en antolog\u00edas en Argentina, Colombia, Cuba, Espa\u00f1a, Francia y M\u00e9xico.<\/p>\n","protected":false},"excerpt":{"rendered":"<p>* \u00abClases de nataci\u00f3n\u00bb, de Arqu\u00edmedes Gonz\u00e1lez La editorial espa\u00f1ola Ediciones Irreverentes presentar\u00e1 el libro de relatos \u00abClases de nataci\u00f3n\u00bb, del escritor y periodista nicarag\u00fcense Arqu\u00edmedes Gonz\u00e1lez, en la Feria Internacional del Libro, en M\u00e9xico, que se celebrar\u00e1 del 30 de noviembre al 8 de diciembre en Guadalajara, inform\u00f3 el mi\u00e9rcoles el autor. Gonz\u00e1lez, ganador [&hellip;]<\/p>\n","protected":false},"author":1,"featured_media":26267,"comment_status":"open","ping_status":"open","sticky":false,"template":"","format":"standard","meta":{"om_disable_all_campaigns":false,"_monsterinsights_skip_tracking":false,"_monsterinsights_sitenote_active":false,"_monsterinsights_sitenote_note":"","_monsterinsights_sitenote_category":0,"footnotes":""},"categories":[3],"tags":[],"class_list":["post-26266","post","type-post","status-publish","format-standard","has-post-thumbnail","hentry","category-nacionales"],"aioseo_notices":[],"_links":{"self":[{"href":"https:\/\/elcronistadigital.com\/index.php?rest_route=\/wp\/v2\/posts\/26266","targetHints":{"allow":["GET"]}}],"collection":[{"href":"https:\/\/elcronistadigital.com\/index.php?rest_route=\/wp\/v2\/posts"}],"about":[{"href":"https:\/\/elcronistadigital.com\/index.php?rest_route=\/wp\/v2\/types\/post"}],"author":[{"embeddable":true,"href":"https:\/\/elcronistadigital.com\/index.php?rest_route=\/wp\/v2\/users\/1"}],"replies":[{"embeddable":true,"href":"https:\/\/elcronistadigital.com\/index.php?rest_route=%2Fwp%2Fv2%2Fcomments&post=26266"}],"version-history":[{"count":3,"href":"https:\/\/elcronistadigital.com\/index.php?rest_route=\/wp\/v2\/posts\/26266\/revisions"}],"predecessor-version":[{"id":26270,"href":"https:\/\/elcronistadigital.com\/index.php?rest_route=\/wp\/v2\/posts\/26266\/revisions\/26270"}],"wp:featuredmedia":[{"embeddable":true,"href":"https:\/\/elcronistadigital.com\/index.php?rest_route=\/wp\/v2\/media\/26267"}],"wp:attachment":[{"href":"https:\/\/elcronistadigital.com\/index.php?rest_route=%2Fwp%2Fv2%2Fmedia&parent=26266"}],"wp:term":[{"taxonomy":"category","embeddable":true,"href":"https:\/\/elcronistadigital.com\/index.php?rest_route=%2Fwp%2Fv2%2Fcategories&post=26266"},{"taxonomy":"post_tag","embeddable":true,"href":"https:\/\/elcronistadigital.com\/index.php?rest_route=%2Fwp%2Fv2%2Ftags&post=26266"}],"curies":[{"name":"wp","href":"https:\/\/api.w.org\/{rel}","templated":true}]}}