{"id":26291,"date":"2013-11-29T10:19:59","date_gmt":"2013-11-29T16:19:59","guid":{"rendered":"http:\/\/elcronistadigital.com\/?p=26291"},"modified":"2013-11-29T10:22:03","modified_gmt":"2013-11-29T16:22:03","slug":"colombia-teme-a-la-haya-y-prefiere-la-oea","status":"publish","type":"post","link":"https:\/\/elcronistadigital.com\/?p=26291","title":{"rendered":"Colombia teme a La Haya y prefiere la OEA"},"content":{"rendered":"<div id=\"attachment_26297\" style=\"width: 310px\" class=\"wp-caption alignleft\"><a href=\"https:\/\/elcronistadigital.com\/?attachment_id=26297\" rel=\"attachment wp-att-26297\"><img loading=\"lazy\" decoding=\"async\" aria-describedby=\"caption-attachment-26297\" class=\"size-medium wp-image-26297\" title=\"maria_angela_holguin_7\" src=\"https:\/\/elcronistadigital.com\/wp-content\/uploads\/2013\/11\/maria_angela_holguin_72-300x207.jpg\" alt=\"\" width=\"300\" height=\"207\" srcset=\"https:\/\/elcronistadigital.com\/wp-content\/uploads\/2013\/11\/maria_angela_holguin_72-300x207.jpg 300w, https:\/\/elcronistadigital.com\/wp-content\/uploads\/2013\/11\/maria_angela_holguin_72-342x236.jpg 342w, https:\/\/elcronistadigital.com\/wp-content\/uploads\/2013\/11\/maria_angela_holguin_72.jpg 700w\" sizes=\"auto, (max-width: 300px) 100vw, 300px\" \/><\/a><p id=\"caption-attachment-26297\" class=\"wp-caption-text\">Mar\u00eda \u00c1ngela Holgu\u00edn, canciller de Colombia,.<\/p><\/div>\n<p>* Canciller Holgu\u00edn asegura que no romper\u00e1n relaciones con Nicaragua pese a la airada reacci\u00f3n en su pa\u00eds por denuncia de incumplimiento del fallo de la Corte Internacional de Justicia<\/p>\n<p>La canciller de Colombia, Mar\u00eda \u00c1ngela Holgu\u00edn, dijo el jueves que su pa\u00eds no romper\u00e1 relaciones con Nicaragua, pese a que no les gust\u00f3 que el gobierno del presidente Daniel Ortega los denunciara por intentar incumplir el fallo de La Haya.<\/p>\n<p>\u00abNo es para tanto\u00bb, dijo Holgu\u00edn, al descartar la ruptura de relaciones y al hacer \u00e9nfasis en que \u00abla Corte de La Haya no es el lugar para exigirle a Colombia la aplicabilidad del fallo. El camino no es La Haya otra vez\u00bb. Seg\u00fan explic\u00f3, el camino era la Organizaci\u00f3n de Estados Americanos (OEA).<\/p>\n<p>Colombia fue sorprendida por la acci\u00f3n de Nicaragua, pa\u00eds al que buscaba llevar a una negociaci\u00f3n bilateral a fin de aplicar el fallo de la Corte Internacional de Justicia a su conveniencia.<\/p>\n<p>La ministra insisti\u00f3 en que su pa\u00eds est\u00e1 ejerciendo soberan\u00eda sobre las aguas que La Haya devolvi\u00f3 a Nicaragua, cuyos jefes militares tambi\u00e9n aseguran lo mismo. \u00abNo ha habido ni un solo incidente entre las Armadas\u00bb, dijo Holgu\u00edn, aceptando que ambas naciones navegan el \u00e1rea que reclaman como suya.<\/p>\n<p>La jefa de la diplomacia colombiana indic\u00f3 que su Gobierno est\u00e1 financiando la actividad de pescadores artesanales y pescadores industriales, toda vez que la compa\u00f1\u00eda Antillana dej\u00f3 de hacerlo debido al fallo de la Corte Internacional.<\/p>\n<p>Sobre los permisos que Nicaragua dio a Rusia y Estados Unidos para patrullar las aguas devueltas por la CIJ, la canciller dijo que la presencia de Estados Unidos en la zona mar\u00edtima en litigio es normal.<\/p>\n<p>Pero s\u00ed consider\u00f3 algo extra\u00f1o la presencia de Rusia. \u00abNo deja de causar bastante curiosidad\u00bb, asegur\u00f3, aunque record\u00f3 que ese pa\u00eds tiene v\u00ednculos muy cercanos con Nicaragua.<\/p>\n<p>Recientemente, dos aviones de guerra Tupolev 160 fueron se\u00f1alados de violar el espacio a\u00e9reo colombiano y pese a las protestas del gobierno del presidente Juan Manuel Santos, no hubo disculpas de Rusia, por lo que interpret\u00f3 que dicho pa\u00eds asumi\u00f3 que volaron sobre aguas nicarag\u00fcenses.<\/p>\n","protected":false},"excerpt":{"rendered":"<p>* Canciller Holgu\u00edn asegura que no romper\u00e1n relaciones con Nicaragua pese a la airada reacci\u00f3n en su pa\u00eds por denuncia de incumplimiento del fallo de la Corte Internacional de Justicia La canciller de Colombia, Mar\u00eda \u00c1ngela Holgu\u00edn, dijo el jueves que su pa\u00eds no romper\u00e1 relaciones con Nicaragua, pese a que no les gust\u00f3 que [&hellip;]<\/p>\n","protected":false},"author":1,"featured_media":26297,"comment_status":"open","ping_status":"open","sticky":false,"template":"","format":"standard","meta":{"om_disable_all_campaigns":false,"_monsterinsights_skip_tracking":false,"_monsterinsights_sitenote_active":false,"_monsterinsights_sitenote_note":"","_monsterinsights_sitenote_category":0,"footnotes":""},"categories":[3,13],"tags":[],"class_list":["post-26291","post","type-post","status-publish","format-standard","has-post-thumbnail","hentry","category-nacionales","category-portada"],"aioseo_notices":[],"_links":{"self":[{"href":"https:\/\/elcronistadigital.com\/index.php?rest_route=\/wp\/v2\/posts\/26291","targetHints":{"allow":["GET"]}}],"collection":[{"href":"https:\/\/elcronistadigital.com\/index.php?rest_route=\/wp\/v2\/posts"}],"about":[{"href":"https:\/\/elcronistadigital.com\/index.php?rest_route=\/wp\/v2\/types\/post"}],"author":[{"embeddable":true,"href":"https:\/\/elcronistadigital.com\/index.php?rest_route=\/wp\/v2\/users\/1"}],"replies":[{"embeddable":true,"href":"https:\/\/elcronistadigital.com\/index.php?rest_route=%2Fwp%2Fv2%2Fcomments&post=26291"}],"version-history":[{"count":5,"href":"https:\/\/elcronistadigital.com\/index.php?rest_route=\/wp\/v2\/posts\/26291\/revisions"}],"predecessor-version":[{"id":26296,"href":"https:\/\/elcronistadigital.com\/index.php?rest_route=\/wp\/v2\/posts\/26291\/revisions\/26296"}],"wp:featuredmedia":[{"embeddable":true,"href":"https:\/\/elcronistadigital.com\/index.php?rest_route=\/wp\/v2\/media\/26297"}],"wp:attachment":[{"href":"https:\/\/elcronistadigital.com\/index.php?rest_route=%2Fwp%2Fv2%2Fmedia&parent=26291"}],"wp:term":[{"taxonomy":"category","embeddable":true,"href":"https:\/\/elcronistadigital.com\/index.php?rest_route=%2Fwp%2Fv2%2Fcategories&post=26291"},{"taxonomy":"post_tag","embeddable":true,"href":"https:\/\/elcronistadigital.com\/index.php?rest_route=%2Fwp%2Fv2%2Ftags&post=26291"}],"curies":[{"name":"wp","href":"https:\/\/api.w.org\/{rel}","templated":true}]}}