{"id":27413,"date":"2013-12-28T13:28:02","date_gmt":"2013-12-28T19:28:02","guid":{"rendered":"http:\/\/elcronistadigital.com\/?p=27413"},"modified":"2013-12-28T13:28:02","modified_gmt":"2013-12-28T19:28:02","slug":"ayuntamiento-de-santander-ayuda-a-paises-tercermundistas","status":"publish","type":"post","link":"https:\/\/elcronistadigital.com\/?p=27413","title":{"rendered":"Ayuntamiento de Santander ayuda a pa\u00edses tercermundistas"},"content":{"rendered":"<div id=\"attachment_27414\" style=\"width: 310px\" class=\"wp-caption alignright\"><a href=\"https:\/\/elcronistadigital.com\/?attachment_id=27414\" rel=\"attachment wp-att-27414\"><img loading=\"lazy\" decoding=\"async\" aria-describedby=\"caption-attachment-27414\" class=\"size-medium wp-image-27414\" title=\"pantanal\" src=\"https:\/\/elcronistadigital.com\/wp-content\/uploads\/2013\/12\/pantanal-300x169.jpg\" alt=\"\" width=\"300\" height=\"169\" srcset=\"https:\/\/elcronistadigital.com\/wp-content\/uploads\/2013\/12\/pantanal-300x169.jpg 300w, https:\/\/elcronistadigital.com\/wp-content\/uploads\/2013\/12\/pantanal-342x192.jpg 342w, https:\/\/elcronistadigital.com\/wp-content\/uploads\/2013\/12\/pantanal.jpg 639w\" sizes=\"auto, (max-width: 300px) 100vw, 300px\" \/><\/a><p id=\"caption-attachment-27414\" class=\"wp-caption-text\">Barrio El Pantanal, en Granada, uno de los favorecidos con ayuda espa\u00f1ola.<\/p><\/div>\n<p>* Barrio El Pantanal de Nicaragua entre favorecidos con proyecto de salubridad<\/p>\n<p>Colombia y Cuba se encuentran entre los pa\u00edses a los que el Ayuntamiento de Santander, de Espa\u00f1a, favorecer\u00e1 con el desarrollo de once proyectos de cooperaci\u00f3n en los \u00e1mbitos de educaci\u00f3n, infraestructuras, Derechos Humanos, salud y el saneamiento, reporta la agencia Europa Press.<\/p>\n<p>Togo, Nicaragua, Mozambique, M\u00e9xico, Colombia, Nicaragua, Colombia, Argelia, Bolivia e India se cuentan entre los beneficiados de las ayudas concedidas por el Consistorio santanderino, a trav\u00e9s de la convocatoria de subvenciones a organizaciones no gubernamentales de desarrollo, seg\u00fan declar\u00f3 la concejala responsable del \u00e1rea, Carmen Ruiz.<\/p>\n<p>La edil resalt\u00f3 la colaboraci\u00f3n en proyectos de mejora de la asistencia sanitaria del servicio de Neonatolog\u00eda del Hospital Comandante Pinares de la Provincia de Artemisa (Humanidad Cantabria).<\/p>\n<p>Ruiz record\u00f3 que las bases de la convocatoria limitaban la cuant\u00eda m\u00e1xima a otorgar al 10 por ciento del importe total presupuestado, de forma que el importe m\u00e1s alto a otorgar este a\u00f1o era de 19.000 euros.<\/p>\n<p>En este sentido, concret\u00f3 que el importe de las ayudas concedidas oscila entre los 7.746 euros que recibir\u00e1 ADANE para la mejora de las condiciones sanitarias y educativas de la Escuela y el Centro infantil Hitakula de las Mahotas en Mozambique, y los 9.356 euros, que recibir\u00e1n la mayor\u00eda de los proyectos subvencionados.<\/p>\n<p>La responsable de Cooperaci\u00f3n al Desarrollo incidi\u00f3 en que los proyectos promovidos por J\u00f3venes y Desarrollo, ADANE, Entreculturas y la Fundaci\u00f3n Vicente Ferrer, en el \u00e1mbito de la educaci\u00f3n, contribuir\u00e1n a la reinserci\u00f3n educativa de los chicos de la calle de Kara, en Togo, a la educaci\u00f3n preescolar de los ni\u00f1os nicarag\u00fcenses o la construcci\u00f3n de una escuela en Korthicota, en la India.<\/p>\n<p>En cuanto a los proyectos relacionados con la mejora de las infraestructuras, Ruiz apunt\u00f3 que la Fundaci\u00f3n Paz y Solidaridad Cantabria trabajar\u00e1 en la mejora de las condiciones de habitabilidad y salubridad de la poblaci\u00f3n del barrio de El Pantanal, en Nicaragua, mientras que AMYCOS construir\u00e1 la dotaci\u00f3n de sistemas de agua potable a las comunidades ind\u00edgenas de Chichiri y Pucara Grande, en el departamento de Morochata en Bolivia.<\/p>\n<p>La funcionaria destac\u00f3 que el Consistorio santanderino tambi\u00e9n subvencionar\u00e1 el desarrollo de proyectos relacionados con los Derechos Humanos, como el impulsado por el PBI de presencia y acompa\u00f1amiento internacional para garantizar la protecci\u00f3n de los DDHH en M\u00e9xico o Asamblea de Cooperaci\u00f3n por la Paz, para facilitar el acceso al derecho de restituci\u00f3n de tierras en Antioquia, en Colombia.<\/p>\n<p>Asimismo, resalt\u00f3 la colaboraci\u00f3n en proyectos de refuerzo de la eficacia del sistema de gesti\u00f3n de residuos de los campamentos de refugiados saharauis a trav\u00e9s del reciclaje (Movimiento por la Paz); de mejora del fortalecimiento econ\u00f3mico productivo para la seguridad alimentaria y el desarrollo sostenible de las comunidades afrocolombianas de la cuenca del r\u00edo Atrato en Colombia (Manos Unidas).<\/p>\n","protected":false},"excerpt":{"rendered":"<p>* Barrio El Pantanal de Nicaragua entre favorecidos con proyecto de salubridad Colombia y Cuba se encuentran entre los pa\u00edses a los que el Ayuntamiento de Santander, de Espa\u00f1a, favorecer\u00e1 con el desarrollo de once proyectos de cooperaci\u00f3n en los \u00e1mbitos de educaci\u00f3n, infraestructuras, Derechos Humanos, salud y el saneamiento, reporta la agencia Europa Press. [&hellip;]<\/p>\n","protected":false},"author":1,"featured_media":27414,"comment_status":"open","ping_status":"open","sticky":false,"template":"","format":"standard","meta":{"om_disable_all_campaigns":false,"_monsterinsights_skip_tracking":false,"_monsterinsights_sitenote_active":false,"_monsterinsights_sitenote_note":"","_monsterinsights_sitenote_category":0,"footnotes":""},"categories":[3],"tags":[],"class_list":["post-27413","post","type-post","status-publish","format-standard","has-post-thumbnail","hentry","category-nacionales"],"aioseo_notices":[],"_links":{"self":[{"href":"https:\/\/elcronistadigital.com\/index.php?rest_route=\/wp\/v2\/posts\/27413","targetHints":{"allow":["GET"]}}],"collection":[{"href":"https:\/\/elcronistadigital.com\/index.php?rest_route=\/wp\/v2\/posts"}],"about":[{"href":"https:\/\/elcronistadigital.com\/index.php?rest_route=\/wp\/v2\/types\/post"}],"author":[{"embeddable":true,"href":"https:\/\/elcronistadigital.com\/index.php?rest_route=\/wp\/v2\/users\/1"}],"replies":[{"embeddable":true,"href":"https:\/\/elcronistadigital.com\/index.php?rest_route=%2Fwp%2Fv2%2Fcomments&post=27413"}],"version-history":[{"count":3,"href":"https:\/\/elcronistadigital.com\/index.php?rest_route=\/wp\/v2\/posts\/27413\/revisions"}],"predecessor-version":[{"id":27417,"href":"https:\/\/elcronistadigital.com\/index.php?rest_route=\/wp\/v2\/posts\/27413\/revisions\/27417"}],"wp:featuredmedia":[{"embeddable":true,"href":"https:\/\/elcronistadigital.com\/index.php?rest_route=\/wp\/v2\/media\/27414"}],"wp:attachment":[{"href":"https:\/\/elcronistadigital.com\/index.php?rest_route=%2Fwp%2Fv2%2Fmedia&parent=27413"}],"wp:term":[{"taxonomy":"category","embeddable":true,"href":"https:\/\/elcronistadigital.com\/index.php?rest_route=%2Fwp%2Fv2%2Fcategories&post=27413"},{"taxonomy":"post_tag","embeddable":true,"href":"https:\/\/elcronistadigital.com\/index.php?rest_route=%2Fwp%2Fv2%2Ftags&post=27413"}],"curies":[{"name":"wp","href":"https:\/\/api.w.org\/{rel}","templated":true}]}}