{"id":29081,"date":"2014-02-09T08:12:40","date_gmt":"2014-02-09T14:12:40","guid":{"rendered":"http:\/\/elcronistadigital.com\/?p=29081"},"modified":"2014-02-09T09:20:50","modified_gmt":"2014-02-09T15:20:50","slug":"migracion-parece-no-tener-fin","status":"publish","type":"post","link":"https:\/\/elcronistadigital.com\/?p=29081","title":{"rendered":"Migraci\u00f3n parece no tener fin"},"content":{"rendered":"<p><a href=\"https:\/\/elcronistadigital.com\/?attachment_id=29082\" rel=\"attachment wp-att-29082\"><img loading=\"lazy\" decoding=\"async\" class=\"alignleft size-medium wp-image-29082\" alt=\"migrantes en la bestia1\" src=\"https:\/\/elcronistadigital.com\/wp-content\/uploads\/2014\/02\/migrantes-en-la-bestia1-300x199.jpg\" width=\"300\" height=\"199\" srcset=\"https:\/\/elcronistadigital.com\/wp-content\/uploads\/2014\/02\/migrantes-en-la-bestia1-300x199.jpg 300w, https:\/\/elcronistadigital.com\/wp-content\/uploads\/2014\/02\/migrantes-en-la-bestia1-1024x682.jpg 1024w, https:\/\/elcronistadigital.com\/wp-content\/uploads\/2014\/02\/migrantes-en-la-bestia1-342x227.jpg 342w, https:\/\/elcronistadigital.com\/wp-content\/uploads\/2014\/02\/migrantes-en-la-bestia1.jpg 1100w\" sizes=\"auto, (max-width: 300px) 100vw, 300px\" \/><\/a>* Miles de centroamericanos vac\u00edan cada a\u00f1o sus pa\u00edses en una aventura que los puede llevar a la muerte, entre ellos muchos nicarag\u00fcenses<\/p>\n<p>Cientos de migrantes procedentes de Centroam\u00e9rica aprovechan los primeros meses del a\u00f1o para emprender la traves\u00eda de cruzar el pa\u00eds, montados en la Bestia, el tren de carga que une a Chiapas con Oaxaca.<\/p>\n<p>\u2018Aqu\u00ed estamos retando a la Bestia, seguimos ret\u00e1ndola y vamos a seguir ret\u00e1ndola para arriba, si Dios quiere\u2019, dijo en Tuxtla Guti\u00e9rrez, Roberto, migrante de Nicaragua.<\/p>\n<p>La traves\u00eda para cruzar M\u00e9xico, comienza en Chiapas; cientos de hombres, mujeres y ni\u00f1os, arriesgan su vida al abordar en el municipio de Arriaga el tren de carga con destino a Ixtepec, Oaxaca.<\/p>\n<p>\u2018Tenemos que amarrarnos ah\u00ed porque si no es peligroso, nos pasa la llanta, est\u00e1 pesada.. -\u00bfHasta d\u00f3nde se la giran?-&#8230; Hasta, a ver donde dice este tren este es el carro, hasta donde Dios diga, hasta ah\u00ed vamos a llegar\u2019, afirm\u00f3 Daniel L\u00f3pez, migrante de Honduras.<\/p>\n<p>Decenas de familias viajan con sus hijos en busca de llegar a los Estados Unidos.<\/p>\n<p>\u2018Lo hacemos por necesidad no por alguna malicia\u2026 -\u00bfSe sufre?-&#8230; Se sufre mucho, demasiado; mojadas, desveladas, zancudo, asoleadas, polvo, corridas\u2019, indic\u00f3 Roberto, migrante de Nicaragua.<\/p>\n<p>En los primeros meses del a\u00f1o, en Arriaga, Chiapas se incrementa el flujo de migrantes provenientes de Honduras, Salvador, Nicaragua y Guatemala, principalmente.<\/p>\n<p>\u2018Pr\u00e1cticamente se mantiene la din\u00e1mica de otros a\u00f1os, que el primer mes del a\u00f1o siempre se incrementa el flujo de migrantes\u2019, confirm\u00f3 Mario Gonz\u00e1lez, C\u00f3nsul de Guatemala en Arriaga.<\/p>\n<p>El tren de carga que une a Chiapas con Oaxaca lleva entre sus vagones poco m\u00e1s de mil a mil 500 indocumentados que intentan cruzar el pa\u00eds por esta ruta.<\/p>\n","protected":false},"excerpt":{"rendered":"<p>* Miles de centroamericanos vac\u00edan cada a\u00f1o sus pa\u00edses en una aventura que los puede llevar a la muerte, entre ellos muchos nicarag\u00fcenses Cientos de migrantes procedentes de Centroam\u00e9rica aprovechan los primeros meses del a\u00f1o para emprender la traves\u00eda de cruzar el pa\u00eds, montados en la Bestia, el tren de carga que une a Chiapas [&hellip;]<\/p>\n","protected":false},"author":1,"featured_media":29082,"comment_status":"open","ping_status":"open","sticky":false,"template":"","format":"standard","meta":{"om_disable_all_campaigns":false,"_monsterinsights_skip_tracking":false,"_monsterinsights_sitenote_active":false,"_monsterinsights_sitenote_note":"","_monsterinsights_sitenote_category":0,"footnotes":""},"categories":[16],"tags":[],"class_list":["post-29081","post","type-post","status-publish","format-standard","has-post-thumbnail","hentry","category-migrante"],"aioseo_notices":[],"_links":{"self":[{"href":"https:\/\/elcronistadigital.com\/index.php?rest_route=\/wp\/v2\/posts\/29081","targetHints":{"allow":["GET"]}}],"collection":[{"href":"https:\/\/elcronistadigital.com\/index.php?rest_route=\/wp\/v2\/posts"}],"about":[{"href":"https:\/\/elcronistadigital.com\/index.php?rest_route=\/wp\/v2\/types\/post"}],"author":[{"embeddable":true,"href":"https:\/\/elcronistadigital.com\/index.php?rest_route=\/wp\/v2\/users\/1"}],"replies":[{"embeddable":true,"href":"https:\/\/elcronistadigital.com\/index.php?rest_route=%2Fwp%2Fv2%2Fcomments&post=29081"}],"version-history":[{"count":1,"href":"https:\/\/elcronistadigital.com\/index.php?rest_route=\/wp\/v2\/posts\/29081\/revisions"}],"predecessor-version":[{"id":29083,"href":"https:\/\/elcronistadigital.com\/index.php?rest_route=\/wp\/v2\/posts\/29081\/revisions\/29083"}],"wp:featuredmedia":[{"embeddable":true,"href":"https:\/\/elcronistadigital.com\/index.php?rest_route=\/wp\/v2\/media\/29082"}],"wp:attachment":[{"href":"https:\/\/elcronistadigital.com\/index.php?rest_route=%2Fwp%2Fv2%2Fmedia&parent=29081"}],"wp:term":[{"taxonomy":"category","embeddable":true,"href":"https:\/\/elcronistadigital.com\/index.php?rest_route=%2Fwp%2Fv2%2Fcategories&post=29081"},{"taxonomy":"post_tag","embeddable":true,"href":"https:\/\/elcronistadigital.com\/index.php?rest_route=%2Fwp%2Fv2%2Ftags&post=29081"}],"curies":[{"name":"wp","href":"https:\/\/api.w.org\/{rel}","templated":true}]}}