{"id":29505,"date":"2014-02-25T11:25:53","date_gmt":"2014-02-25T17:25:53","guid":{"rendered":"http:\/\/elcronistadigital.com\/?p=29505"},"modified":"2014-02-25T11:25:53","modified_gmt":"2014-02-25T17:25:53","slug":"nuevo-vuelo-en-espana-para-deportar-migrantes","status":"publish","type":"post","link":"https:\/\/elcronistadigital.com\/?p=29505","title":{"rendered":"Nuevo vuelo en Espa\u00f1a para deportar migrantes"},"content":{"rendered":"<p><a href=\"https:\/\/elcronistadigital.com\/?attachment_id=29506\" rel=\"attachment wp-att-29506\"><img loading=\"lazy\" decoding=\"async\" class=\"alignleft size-medium wp-image-29506\" alt=\"Concentracion Contra Los CIE\" src=\"https:\/\/elcronistadigital.com\/wp-content\/uploads\/2014\/02\/extranjeros-aluche-300x197.jpg\" width=\"300\" height=\"197\" srcset=\"https:\/\/elcronistadigital.com\/wp-content\/uploads\/2014\/02\/extranjeros-aluche-300x197.jpg 300w, https:\/\/elcronistadigital.com\/wp-content\/uploads\/2014\/02\/extranjeros-aluche-342x224.jpg 342w, https:\/\/elcronistadigital.com\/wp-content\/uploads\/2014\/02\/extranjeros-aluche.jpg 822w\" sizes=\"auto, (max-width: 300px) 100vw, 300px\" \/><\/a>Seg\u00fan informa la Campa\u00f1a Estatal contra los Centros de Internamiento de Extranjeros, integrada por distintos profesionales, asociaciones y ONG, este martes 25 de febrero un nuevo vuelo de deportaci\u00f3n saldr\u00e1 del aeropuerto de Barajas, en Madrid, Espa\u00f1a, con destino Bogot\u00e1 (Colombia).<\/p>\n<p>El vuelo tendr\u00e1 otras escalas en Latinoam\u00e9rica. \u201cAl menos, podemos confirmar que una de ellas ser\u00e1 Santo Domingo (Rep\u00fablica Dominicana)\u201d, comentan en un comunicado que han hecho llegar a la prensa.<\/p>\n<p>Tambi\u00e9n denuncian que quienes van a ser deportados no son notificados con el margen de 12 horas que dicta la normativa y que 94 personas internas en el CIE de Aluche han presentado una queja dirigida al Juzgado de Vigilancia del CIE, en la que denuncian que \u201cse est\u00e1 desestimando, despreciando y atropellando nuestro arraigo, vulnerando nuestros derechos y los de nuestras familias. Separ\u00e1ndonos de ellas y pisoteando el derecho natural de nuestros hijos y, sobre todo, de nuestros hijos menores de edad, exponi\u00e9ndolos al desamparo y al abandono\u201d.<\/p>\n<p>En el mismo documento se denuncia que el pasado d\u00eda 13 de febrero no solamente se produjeron vuelos de deportaci\u00f3n a Senegal y Marruecos, sino que adem\u00e1s se produjo una deportaci\u00f3n a Nigeria en la que se incluy\u00f3 a personas que no proced\u00edan de este pa\u00eds. Y unas l\u00edneas m\u00e1s all\u00e1 las personas internas reconocen no haber podido ayudar a sus compa\u00f1eros marroqu\u00edes deportados el 20 de febrero, de los que oyeron \u201csus gritos y lamentos y sus desgarradores llamados de auxilio\u201d.<\/p>\n<p>Algunos de ellos ni siquiera sab\u00edan que iban a volar a pesar de la obligaci\u00f3n legal de que las expulsiones sean notificadas con 12 horas de antelaci\u00f3n. Adem\u00e1s, y siempre seg\u00fan la queja de este casi centenar de personas internas, existen celdas en los s\u00f3tanos de Aluche donde se encarcela a personas que \u201chan cumplido condenas en c\u00e1rceles espa\u00f1olas y pueden estar bajo tierra hasta 10 d\u00edas\u201d.<\/p>\n<p>El Ministerio del Interior flet\u00f3 en 2012 un total de 153 vuelos de repatriaci\u00f3n de inmigrantes a trav\u00e9s de la Comisar\u00eda General de Extranjer\u00eda y Fronteras y otros 13 en colaboraci\u00f3n con la Agencia Europea de control de las fronteras exteriores (FRONTEX), con los que se logr\u00f3 la expulsi\u00f3n de 3.251 extranjeros.<\/p>\n","protected":false},"excerpt":{"rendered":"<p>Seg\u00fan informa la Campa\u00f1a Estatal contra los Centros de Internamiento de Extranjeros, integrada por distintos profesionales, asociaciones y ONG, este martes 25 de febrero un nuevo vuelo de deportaci\u00f3n saldr\u00e1 del aeropuerto de Barajas, en Madrid, Espa\u00f1a, con destino Bogot\u00e1 (Colombia). El vuelo tendr\u00e1 otras escalas en Latinoam\u00e9rica. \u201cAl menos, podemos confirmar que una de [&hellip;]<\/p>\n","protected":false},"author":1,"featured_media":29506,"comment_status":"open","ping_status":"open","sticky":false,"template":"","format":"standard","meta":{"om_disable_all_campaigns":false,"_monsterinsights_skip_tracking":false,"_monsterinsights_sitenote_active":false,"_monsterinsights_sitenote_note":"","_monsterinsights_sitenote_category":0,"footnotes":""},"categories":[16],"tags":[],"class_list":["post-29505","post","type-post","status-publish","format-standard","has-post-thumbnail","hentry","category-migrante"],"aioseo_notices":[],"_links":{"self":[{"href":"https:\/\/elcronistadigital.com\/index.php?rest_route=\/wp\/v2\/posts\/29505","targetHints":{"allow":["GET"]}}],"collection":[{"href":"https:\/\/elcronistadigital.com\/index.php?rest_route=\/wp\/v2\/posts"}],"about":[{"href":"https:\/\/elcronistadigital.com\/index.php?rest_route=\/wp\/v2\/types\/post"}],"author":[{"embeddable":true,"href":"https:\/\/elcronistadigital.com\/index.php?rest_route=\/wp\/v2\/users\/1"}],"replies":[{"embeddable":true,"href":"https:\/\/elcronistadigital.com\/index.php?rest_route=%2Fwp%2Fv2%2Fcomments&post=29505"}],"version-history":[{"count":1,"href":"https:\/\/elcronistadigital.com\/index.php?rest_route=\/wp\/v2\/posts\/29505\/revisions"}],"predecessor-version":[{"id":29507,"href":"https:\/\/elcronistadigital.com\/index.php?rest_route=\/wp\/v2\/posts\/29505\/revisions\/29507"}],"wp:featuredmedia":[{"embeddable":true,"href":"https:\/\/elcronistadigital.com\/index.php?rest_route=\/wp\/v2\/media\/29506"}],"wp:attachment":[{"href":"https:\/\/elcronistadigital.com\/index.php?rest_route=%2Fwp%2Fv2%2Fmedia&parent=29505"}],"wp:term":[{"taxonomy":"category","embeddable":true,"href":"https:\/\/elcronistadigital.com\/index.php?rest_route=%2Fwp%2Fv2%2Fcategories&post=29505"},{"taxonomy":"post_tag","embeddable":true,"href":"https:\/\/elcronistadigital.com\/index.php?rest_route=%2Fwp%2Fv2%2Ftags&post=29505"}],"curies":[{"name":"wp","href":"https:\/\/api.w.org\/{rel}","templated":true}]}}