{"id":29636,"date":"2014-02-28T11:18:20","date_gmt":"2014-02-28T17:18:20","guid":{"rendered":"http:\/\/elcronistadigital.com\/?p=29636"},"modified":"2014-02-28T11:18:20","modified_gmt":"2014-02-28T17:18:20","slug":"salvada-de-discapacidad-tras-quemadura","status":"publish","type":"post","link":"https:\/\/elcronistadigital.com\/?p=29636","title":{"rendered":"Salvada de discapacidad tras quemadura"},"content":{"rendered":"<p><a href=\"https:\/\/elcronistadigital.com\/?attachment_id=29637\" rel=\"attachment wp-att-29637\"><img loading=\"lazy\" decoding=\"async\" class=\"alignleft size-medium wp-image-29637\" alt=\"quemada\" src=\"https:\/\/elcronistadigital.com\/wp-content\/uploads\/2014\/02\/quemada-300x254.jpg\" width=\"300\" height=\"254\" srcset=\"https:\/\/elcronistadigital.com\/wp-content\/uploads\/2014\/02\/quemada-300x254.jpg 300w, https:\/\/elcronistadigital.com\/wp-content\/uploads\/2014\/02\/quemada-342x290.jpg 342w, https:\/\/elcronistadigital.com\/wp-content\/uploads\/2014\/02\/quemada.jpg 396w\" sizes=\"auto, (max-width: 300px) 100vw, 300px\" \/><\/a>* Flor de Mar\u00eda no pod\u00eda mover la cabeza hasta que fue operada por m\u00e9dicos de Aproquen y el Gran Baltimore Medical Center<\/p>\n<p>La vida de Flor de Mar\u00eda Gonz\u00e1lez Hern\u00e1ndez, de 17 a\u00f1os, dar\u00e1 un giro de 180 grados luego de que fuera sometida a una operaci\u00f3n con t\u00e9cnica quir\u00fargica llamada \u201cmicrocirug\u00eda vascular\u201d, que le realizaron m\u00e9dicos de Aproquen y el Gran Baltimore Medical Center, afiliado al Johns Hopkins Hospital.<\/p>\n<p>La paciente sufri\u00f3 un accidente de quemadura en la finca donde trabajaba su padre en S\u00e9baco, Matagalpa. Flor decidi\u00f3 hacer limpieza en un predio y al finalizar quem\u00f3 la basura, pero la camisa con la que se proteg\u00eda del sol tenia gasolina, provoc\u00e1ndole severas quemaduras en su cara, cuello y t\u00f3rax anterior, lo que le produjo limitaciones de movimientos entre la cabeza y el cuello.<\/p>\n<p>Su padre, el se\u00f1or Leoncio Gonz\u00e1lez Tercero, cuenta que al escuchar los gritos fue a socorrerla y apag\u00f3 el fuego con un balde de agua. De all\u00ed la llevaron al Centro de Salud de S\u00e9baco, para luego remitirla al regional de Matagalpa.<\/p>\n<p>En ese periplo lleg\u00f3 a Managua al Hospital Len\u00edn Fonseca, donde le daban pocas esperanzas de recuperaci\u00f3n. Fue as\u00ed que Dios puso en su camino a un periodista de Tu Nueva Radio Ya, quien le habl\u00f3 de Aproquen y de la atenci\u00f3n gratuita que se brinda. Le realiz\u00f3 los contactos para que en la ambulancia fuera trasladada a la Unidad de Quemados de esa instituci\u00f3n.<\/p>\n<p>\u201cA mi hija aqu\u00ed en Aproquen le han realizado varias operaciones, \u201cyo estoy muy agradecido primeramente con Dios y luego con los doctores de Aproquen y de la brigada del GBMC, afiliada al Johns Hopkins por todo lo que han hecho por ella, antes nadie la quer\u00eda atender y aqu\u00ed me la recibieron con los brazos abiertos\u201d, indic\u00f3 don Leoncio.<\/p>\n<p>La paciente beneficiada vive en la comunidad San Pedro, en las afueras de Matagalpa. Entr\u00f3 e\u00b4l mi\u00e9rcoles pasado al quir\u00f3fano a la 1:15 de la tarde y sali\u00f3 9:20 de la noche resultando su operaci\u00f3n un \u00e9xito.<\/p>\n<p>Ahora recibe el cuidado post operatorio en las sala de hospitalizaci\u00f3n de la Unidad de Quemados, donde todo el tiempo est\u00e1 al cuidado de una enfermera especializada y del personal m\u00e9dico.<\/p>\n<p>La jornada multidisciplinaria contin\u00faa con operaciones a pacientes con labio fisurado y esperan llegar a la meta propuesta de 15 pacientes intervenidos con esta malformaci\u00f3n cong\u00e9nita.<\/p>\n<p>Las operaciones con t\u00e9cnica de \u201cmicrocirug\u00eda vascular\u201d tienen una duraci\u00f3n de 6 a 8 horas en promedio y el costo de dicha intervenci\u00f3n es de 80 mil d\u00f3lares en Estados Unidos. En Aproquen se les realizan gratuitamente gracias a los patrocinadores, quienes hacen posible convertir l\u00e1grimas en sonrisas.<\/p>\n","protected":false},"excerpt":{"rendered":"<p>* Flor de Mar\u00eda no pod\u00eda mover la cabeza hasta que fue operada por m\u00e9dicos de Aproquen y el Gran Baltimore Medical Center La vida de Flor de Mar\u00eda Gonz\u00e1lez Hern\u00e1ndez, de 17 a\u00f1os, dar\u00e1 un giro de 180 grados luego de que fuera sometida a una operaci\u00f3n con t\u00e9cnica quir\u00fargica llamada \u201cmicrocirug\u00eda vascular\u201d, que [&hellip;]<\/p>\n","protected":false},"author":1,"featured_media":29637,"comment_status":"open","ping_status":"open","sticky":false,"template":"","format":"standard","meta":{"om_disable_all_campaigns":false,"_monsterinsights_skip_tracking":false,"_monsterinsights_sitenote_active":false,"_monsterinsights_sitenote_note":"","_monsterinsights_sitenote_category":0,"footnotes":""},"categories":[3],"tags":[],"class_list":["post-29636","post","type-post","status-publish","format-standard","has-post-thumbnail","hentry","category-nacionales"],"aioseo_notices":[],"_links":{"self":[{"href":"https:\/\/elcronistadigital.com\/index.php?rest_route=\/wp\/v2\/posts\/29636","targetHints":{"allow":["GET"]}}],"collection":[{"href":"https:\/\/elcronistadigital.com\/index.php?rest_route=\/wp\/v2\/posts"}],"about":[{"href":"https:\/\/elcronistadigital.com\/index.php?rest_route=\/wp\/v2\/types\/post"}],"author":[{"embeddable":true,"href":"https:\/\/elcronistadigital.com\/index.php?rest_route=\/wp\/v2\/users\/1"}],"replies":[{"embeddable":true,"href":"https:\/\/elcronistadigital.com\/index.php?rest_route=%2Fwp%2Fv2%2Fcomments&post=29636"}],"version-history":[{"count":1,"href":"https:\/\/elcronistadigital.com\/index.php?rest_route=\/wp\/v2\/posts\/29636\/revisions"}],"predecessor-version":[{"id":29638,"href":"https:\/\/elcronistadigital.com\/index.php?rest_route=\/wp\/v2\/posts\/29636\/revisions\/29638"}],"wp:featuredmedia":[{"embeddable":true,"href":"https:\/\/elcronistadigital.com\/index.php?rest_route=\/wp\/v2\/media\/29637"}],"wp:attachment":[{"href":"https:\/\/elcronistadigital.com\/index.php?rest_route=%2Fwp%2Fv2%2Fmedia&parent=29636"}],"wp:term":[{"taxonomy":"category","embeddable":true,"href":"https:\/\/elcronistadigital.com\/index.php?rest_route=%2Fwp%2Fv2%2Fcategories&post=29636"},{"taxonomy":"post_tag","embeddable":true,"href":"https:\/\/elcronistadigital.com\/index.php?rest_route=%2Fwp%2Fv2%2Ftags&post=29636"}],"curies":[{"name":"wp","href":"https:\/\/api.w.org\/{rel}","templated":true}]}}