{"id":29788,"date":"2014-03-06T12:07:29","date_gmt":"2014-03-06T18:07:29","guid":{"rendered":"http:\/\/elcronistadigital.com\/?p=29788"},"modified":"2014-03-06T12:07:29","modified_gmt":"2014-03-06T18:07:29","slug":"obama-es-el-deportador-en-jefe","status":"publish","type":"post","link":"https:\/\/elcronistadigital.com\/?p=29788","title":{"rendered":"Obama es el \u201cdeportador en jefe\u201d"},"content":{"rendered":"<p><a href=\"https:\/\/elcronistadigital.com\/?attachment_id=29789\" rel=\"attachment wp-att-29789\"><img loading=\"lazy\" decoding=\"async\" class=\"alignleft size-medium wp-image-29789\" alt=\"stop a deportaciones\" src=\"https:\/\/elcronistadigital.com\/wp-content\/uploads\/2014\/03\/stop-a-deportaciones-300x210.jpg\" width=\"300\" height=\"210\" srcset=\"https:\/\/elcronistadigital.com\/wp-content\/uploads\/2014\/03\/stop-a-deportaciones-300x210.jpg 300w, https:\/\/elcronistadigital.com\/wp-content\/uploads\/2014\/03\/stop-a-deportaciones-342x240.jpg 342w, https:\/\/elcronistadigital.com\/wp-content\/uploads\/2014\/03\/stop-a-deportaciones.jpg 640w\" sizes=\"auto, (max-width: 300px) 100vw, 300px\" \/><\/a>* Durante su gesti\u00f3n en la Casa Blanca casi dos millones de personas, dejando una una estela de devastaci\u00f3n familiar en todo Estados Unidos\u00bb, dice defensora de hispanos<\/p>\n<p>La presidenta de un destacado grupo defensor de los hispanos, dijo que el presidente Barack Obama es el \u00abdeportador en jefe\u00bb y critic\u00f3 la deportaci\u00f3n de casi dos millones de inmigrantes por parte del gobierno, seg\u00fan nota de Ap.<\/p>\n<p>Janet Murgu\u00eda, directora del Consejo Nacional de La Raza, tambi\u00e9n dirigi\u00f3 su furia y frustraci\u00f3n a los representantes federales republicanos por no actuar sobre la reforma a las leyes de inmigraci\u00f3n, que languidece despu\u00e9s que el Senado aprob\u00f3 hace ocho meses un proyecto de ley bipartidista e integral. Murgu\u00eda habl\u00f3 el martes por la noche en una cena de entrega de premios.<\/p>\n<p>\u00abPara nosotros, este presidente ha sido el deportador en jefe\u00bb, dijo Murgu\u00eda. \u00abEn cualquier momento llegamos a los dos millones de deportados. Es una cifra asombrosa que supera con creces a cualquiera de sus predecesores y deja una estela de devastaci\u00f3n familiar en todo Estados Unidos\u00bb.<\/p>\n<p>Desde que Obama lleg\u00f3 a la presidencia, la Polic\u00eda de Inmigraci\u00f3n y Aduanas ha deportado a casi dos millones de inmigrantes en el cumplimiento a rajatabla de las leyes vigentes. Los grupos de derechos critican al presidente por deportar a demasiadas personas, pero los republicanos alegan que Obama no ha enfrentado debidamente el asunto de los 11 millones de inmigrantes que se calcula viven en el pa\u00eds ilegalmente.<\/p>\n<p>Murgu\u00eda aleg\u00f3 que Obama tiene la autoridad para no destrozar m\u00e1s familias.<\/p>\n<p>Y presion\u00f3 a los representantes republicanos para que tomen medidas sobre la inmigraci\u00f3n.<\/p>\n<p>\u00abUstedes han tenido tiempo suficiente para presentar un proyecto de ley que haga avanzar la reforma. Es hora de detener este juego pol\u00edtico\u00bb, dijo.<\/p>\n<p>L\u00edderes republicanos de la C\u00e1mara de Representantes revelaron en enero principios sobre la reforma de las leyes de inmigraci\u00f3n, pero la divisi\u00f3n en sus filas ha evitado que lleguen a algo porque temen que tomar una decisi\u00f3n sobre el asunto durante un a\u00f1o de elecciones legislativas pudiera socavar sus oportunidades en los comicios de noviembre.<\/p>\n","protected":false},"excerpt":{"rendered":"<p>* Durante su gesti\u00f3n en la Casa Blanca casi dos millones de personas, dejando una una estela de devastaci\u00f3n familiar en todo Estados Unidos\u00bb, dice defensora de hispanos La presidenta de un destacado grupo defensor de los hispanos, dijo que el presidente Barack Obama es el \u00abdeportador en jefe\u00bb y critic\u00f3 la deportaci\u00f3n de casi [&hellip;]<\/p>\n","protected":false},"author":1,"featured_media":29789,"comment_status":"open","ping_status":"open","sticky":false,"template":"","format":"standard","meta":{"om_disable_all_campaigns":false,"_monsterinsights_skip_tracking":false,"_monsterinsights_sitenote_active":false,"_monsterinsights_sitenote_note":"","_monsterinsights_sitenote_category":0,"footnotes":""},"categories":[16,3524],"tags":[],"class_list":["post-29788","post","type-post","status-publish","format-standard","has-post-thumbnail","hentry","category-migrante","category-noticas"],"aioseo_notices":[],"_links":{"self":[{"href":"https:\/\/elcronistadigital.com\/index.php?rest_route=\/wp\/v2\/posts\/29788","targetHints":{"allow":["GET"]}}],"collection":[{"href":"https:\/\/elcronistadigital.com\/index.php?rest_route=\/wp\/v2\/posts"}],"about":[{"href":"https:\/\/elcronistadigital.com\/index.php?rest_route=\/wp\/v2\/types\/post"}],"author":[{"embeddable":true,"href":"https:\/\/elcronistadigital.com\/index.php?rest_route=\/wp\/v2\/users\/1"}],"replies":[{"embeddable":true,"href":"https:\/\/elcronistadigital.com\/index.php?rest_route=%2Fwp%2Fv2%2Fcomments&post=29788"}],"version-history":[{"count":1,"href":"https:\/\/elcronistadigital.com\/index.php?rest_route=\/wp\/v2\/posts\/29788\/revisions"}],"predecessor-version":[{"id":29790,"href":"https:\/\/elcronistadigital.com\/index.php?rest_route=\/wp\/v2\/posts\/29788\/revisions\/29790"}],"wp:featuredmedia":[{"embeddable":true,"href":"https:\/\/elcronistadigital.com\/index.php?rest_route=\/wp\/v2\/media\/29789"}],"wp:attachment":[{"href":"https:\/\/elcronistadigital.com\/index.php?rest_route=%2Fwp%2Fv2%2Fmedia&parent=29788"}],"wp:term":[{"taxonomy":"category","embeddable":true,"href":"https:\/\/elcronistadigital.com\/index.php?rest_route=%2Fwp%2Fv2%2Fcategories&post=29788"},{"taxonomy":"post_tag","embeddable":true,"href":"https:\/\/elcronistadigital.com\/index.php?rest_route=%2Fwp%2Fv2%2Ftags&post=29788"}],"curies":[{"name":"wp","href":"https:\/\/api.w.org\/{rel}","templated":true}]}}