{"id":29869,"date":"2014-03-10T10:51:53","date_gmt":"2014-03-10T16:51:53","guid":{"rendered":"http:\/\/elcronistadigital.com\/?p=29869"},"modified":"2014-03-10T10:51:53","modified_gmt":"2014-03-10T16:51:53","slug":"la-comoda-desigualdad","status":"publish","type":"post","link":"https:\/\/elcronistadigital.com\/?p=29869","title":{"rendered":"La c\u00f3moda desigualdad"},"content":{"rendered":"<p><a href=\"https:\/\/elcronistadigital.com\/?attachment_id=29870\" rel=\"attachment wp-att-29870\"><img loading=\"lazy\" decoding=\"async\" class=\"alignleft size-full wp-image-29870\" alt=\"pobre en Espa\u00f1a\" src=\"https:\/\/elcronistadigital.com\/wp-content\/uploads\/2014\/03\/pobre-en-Espa\u00f1a.jpg\" width=\"259\" height=\"194\" srcset=\"https:\/\/elcronistadigital.com\/wp-content\/uploads\/2014\/03\/pobre-en-Espa\u00f1a.jpg 259w, https:\/\/elcronistadigital.com\/wp-content\/uploads\/2014\/03\/pobre-en-Espa\u00f1a-60x45.jpg 60w, https:\/\/elcronistadigital.com\/wp-content\/uploads\/2014\/03\/pobre-en-Espa\u00f1a-150x113.jpg 150w\" sizes=\"auto, (max-width: 259px) 100vw, 259px\" \/><\/a>* La precariedad creciente de las masas parece alimentar mejor la codicia de las \u00e9lites<\/p>\n<p>Gabriela Ca\u00f1as<br \/>\nEl Pa\u00eds, Espa\u00f1a<\/p>\n<p>Latinoam\u00e9rica avanza, afortunadamente, a contracorriente. En la mayor\u00eda de los pa\u00edses de ese subcontinente, se ha reducido la desigualdad, pero el sistema econ\u00f3mico actual necesita en todo el mundo poca mano de obra y se siente cada vez m\u00e1s c\u00f3modo con la desigualdad social. Ya no parece necesitar aquella masa cr\u00edtica de consumidores que dinamizaban la econom\u00eda. El mercado financiero, que es hoy el imperante, tiene otras reglas. La ONU acaba de publicar su Informe sobre la situaci\u00f3n social 2013 y alerta sobre este problema como ya lo han hecho Eurostat, Oxfam Internacional o la OCDE. Asegura el informe de la ONU que con desigualdad social los sistemas econ\u00f3micos son menos eficientes y que la tendencia hacia la igualdad no es autom\u00e1tica, sino que hay que pelear por ella desde los gobiernos nacionales con pol\u00edticas fiscales redistributivas y fuertes inversiones en educaci\u00f3n y sanidad.<\/p>\n<p>Esa no es la tendencia en los pa\u00edses desarrollados. Los conglomerados financieros se han adue\u00f1ado del mundo, dictan sus normas a los pol\u00edticos y ya ni sus esquemas de valores producen esc\u00e1ndalo. De la lista Forbes de los hombres \u2014suele haber pocas mujeres\u2014 m\u00e1s ricos del mundo no llaman ya la atenci\u00f3n las cantidades astron\u00f3micas que manejan, imposibles de memorizar, sino que uno de los nuestros aparezca en ella y suba o baje en el r\u00e1nking. Las grandes compa\u00f1\u00edas acometen ajustes de personal en aras de la productividad y, al tiempo, elevan los emolumentos de sus consejeros y fijan sueldos e indemnizaciones millonarias para los mismos directivos que gestionaron de manera deficiente la empresa, como ha ocurrido en Iberia (4.000 empleados en la calle en dos a\u00f1os).<\/p>\n<p>Los millonarios son las nuevas estrellas. Acuden a foros econ\u00f3micos y comerciales y ocupan los escenarios junto a los dirigentes pol\u00edticos, a los que aleccionan sobre c\u00f3mo generar un entorno que favorezca \u201cel emprendimiento\u201d y la necesidad de seguir acometiendo reformas, ya sea de pensiones o laborales.<\/p>\n<p>Nos hemos adaptado a la desigualdad, que no para de aumentar desde el a\u00f1o 1980 y ahora 85 ricos suman tanto dinero como los 3.570 millones de pobres del mundo. Espa\u00f1a est\u00e1 a la cabeza en esta carrera contra la igualdad. Y los pol\u00edticos siguen tomando decisiones que solo benefician a las \u00e9lites. Estas, por cierto, sufren poco la crisis. El mercado del arte estall\u00f3 el a\u00f1o pasado batiendo r\u00e9cords, pero el Gobierno espa\u00f1ol ha recortado el \u00fanico IVA cultural, el del arte, que no parec\u00eda necesitarlo.<\/p>\n<p>Dice el informe de la ONU que la igualdad social es necesaria para liberar todo el potencial de un pa\u00eds y que conlleva crecimiento, estabilidad y cohesi\u00f3n social. Pero, a medida que la intervenci\u00f3n estatal ha dejado paso a esos conglomerados de firmas en un mercado privatizado y liberalizado que act\u00faa a nivel global, la desigualdad alimenta su rentabilidad y su codicia. El sistema no se quiebra ante esa masa de j\u00f3venes europeos que se est\u00e1 empobreciendo \u2014sobre todo en Estonia, Turqu\u00eda y Espa\u00f1a\u2014 y se refugia, \u00a1qu\u00e9 remedio!, en la econom\u00eda sumergida. Quiz\u00e1 cuando alcancen la cima se tomar\u00e1n la revancha. As\u00ed, el sistema, seguir\u00e1 funcionando; desigual y enloquecido.<\/p>\n<p>gcanas@elpais.es<\/p>\n","protected":false},"excerpt":{"rendered":"<p>* La precariedad creciente de las masas parece alimentar mejor la codicia de las \u00e9lites Gabriela Ca\u00f1as El Pa\u00eds, Espa\u00f1a Latinoam\u00e9rica avanza, afortunadamente, a contracorriente. En la mayor\u00eda de los pa\u00edses de ese subcontinente, se ha reducido la desigualdad, pero el sistema econ\u00f3mico actual necesita en todo el mundo poca mano de obra y se [&hellip;]<\/p>\n","protected":false},"author":1,"featured_media":29870,"comment_status":"open","ping_status":"open","sticky":false,"template":"","format":"standard","meta":{"om_disable_all_campaigns":false,"_monsterinsights_skip_tracking":false,"_monsterinsights_sitenote_active":false,"_monsterinsights_sitenote_note":"","_monsterinsights_sitenote_category":0,"footnotes":""},"categories":[12],"tags":[],"class_list":["post-29869","post","type-post","status-publish","format-standard","has-post-thumbnail","hentry","category-blugs"],"aioseo_notices":[],"_links":{"self":[{"href":"https:\/\/elcronistadigital.com\/index.php?rest_route=\/wp\/v2\/posts\/29869","targetHints":{"allow":["GET"]}}],"collection":[{"href":"https:\/\/elcronistadigital.com\/index.php?rest_route=\/wp\/v2\/posts"}],"about":[{"href":"https:\/\/elcronistadigital.com\/index.php?rest_route=\/wp\/v2\/types\/post"}],"author":[{"embeddable":true,"href":"https:\/\/elcronistadigital.com\/index.php?rest_route=\/wp\/v2\/users\/1"}],"replies":[{"embeddable":true,"href":"https:\/\/elcronistadigital.com\/index.php?rest_route=%2Fwp%2Fv2%2Fcomments&post=29869"}],"version-history":[{"count":1,"href":"https:\/\/elcronistadigital.com\/index.php?rest_route=\/wp\/v2\/posts\/29869\/revisions"}],"predecessor-version":[{"id":29871,"href":"https:\/\/elcronistadigital.com\/index.php?rest_route=\/wp\/v2\/posts\/29869\/revisions\/29871"}],"wp:featuredmedia":[{"embeddable":true,"href":"https:\/\/elcronistadigital.com\/index.php?rest_route=\/wp\/v2\/media\/29870"}],"wp:attachment":[{"href":"https:\/\/elcronistadigital.com\/index.php?rest_route=%2Fwp%2Fv2%2Fmedia&parent=29869"}],"wp:term":[{"taxonomy":"category","embeddable":true,"href":"https:\/\/elcronistadigital.com\/index.php?rest_route=%2Fwp%2Fv2%2Fcategories&post=29869"},{"taxonomy":"post_tag","embeddable":true,"href":"https:\/\/elcronistadigital.com\/index.php?rest_route=%2Fwp%2Fv2%2Ftags&post=29869"}],"curies":[{"name":"wp","href":"https:\/\/api.w.org\/{rel}","templated":true}]}}