{"id":29878,"date":"2014-03-10T12:05:32","date_gmt":"2014-03-10T18:05:32","guid":{"rendered":"http:\/\/elcronistadigital.com\/?p=29878"},"modified":"2014-03-10T12:05:32","modified_gmt":"2014-03-10T18:05:32","slug":"el-salvador-el-triunfo-del-fmln","status":"publish","type":"post","link":"https:\/\/elcronistadigital.com\/?p=29878","title":{"rendered":"El Salvador: el triunfo del FMLN"},"content":{"rendered":"<div id=\"attachment_29879\" style=\"width: 210px\" class=\"wp-caption alignleft\"><a href=\"https:\/\/elcronistadigital.com\/?attachment_id=29879\" rel=\"attachment wp-att-29879\"><img loading=\"lazy\" decoding=\"async\" aria-describedby=\"caption-attachment-29879\" class=\"size-medium wp-image-29879\" alt=\"Rub\u00e9n Aguilar Valenzuela.\" src=\"https:\/\/elcronistadigital.com\/wp-content\/uploads\/2014\/03\/Rub\u00e9n-Aguilar-Valenzuela1-200x300.jpg\" width=\"200\" height=\"300\" srcset=\"https:\/\/elcronistadigital.com\/wp-content\/uploads\/2014\/03\/Rub\u00e9n-Aguilar-Valenzuela1-200x300.jpg 200w, https:\/\/elcronistadigital.com\/wp-content\/uploads\/2014\/03\/Rub\u00e9n-Aguilar-Valenzuela1.jpg 299w\" sizes=\"auto, (max-width: 200px) 100vw, 200px\" \/><\/a><p id=\"caption-attachment-29879\" class=\"wp-caption-text\">Rub\u00e9n Aguilar Valenzuela.<\/p><\/div>\n<p>Rub\u00e9n Aguilar Valenzuela<\/p>\n<p>Ayer, domingo 9 de marzo, gan\u00f3 en segunda vuelta electoral, la primera fue el 2 de febrero, la presidencia de El Salvador, Salvador S\u00e1nchez Cer\u00e9n, el comandante Leonel de los a\u00f1os de la guerra, candidato del FMLN.<\/p>\n<p>En 1992, la guerrilla se trasforma en partido, despu\u00e9s de la firma de los Acuerdos de Paz con el gobierno, y en las elecciones del 2009 por primera vez se hace de la presidencia con el periodista Mauricio Funes. Ahora, los salvadore\u00f1os refrendaron al FMLN y los electores se decidieron por un militante hist\u00f3rico que encabez\u00f3 las Fuerzas Populares de Liberaci\u00f3n (FPL) Farabundo Mart\u00ed, una de las cinco organizaciones guerrilleras que integraron el FMLN. Los buenos resultados del gobierno de Funes y la divisi\u00f3n de la derecha ayudaron a la victoria de S\u00e1nchez Cer\u00e9n, que en la parte final de su campa\u00f1a supo articular a diversos sectores de la sociedad. En la segunda vuelta obtuvo el voto de una buena parte de los militantes y simpatizantes del partido GANA, una divisi\u00f3n de ARENA, que lanz\u00f3 como candidato al que fuera presidente Antonio Saca (2005-2009).<\/p>\n<p>El proyecto de ARENA, el partido de la derecha que nace en 1989 y que desde su fundaci\u00f3n mantuvo la presidencia hasta su derrota en el 2009, est\u00e1 agotado y requiere cambios profundos.<\/p>\n<p>S\u00e1nchez Cer\u00e9n sabe que los salvadore\u00f1os votaron por un gobierno como el que presidi\u00f3 Funes y no como los que ahora encabezan Nicol\u00e1s Maduro, en Venezuela, Evo Morales, en Bolivia, y Daniel Ortega, en Nicaragua.<\/p>\n<p>El FMLN a lo largo de estos a\u00f1os ha mostrado madurez pol\u00edtica y sentido de la realidad, que lo llevan al lugar en el que ahora est\u00e1. A veces su discurso es populista, pero en los hechos act\u00faa con un sano pragmatismo.<\/p>\n<p>En estos 22 \u00faltimos a\u00f1os el sistema democr\u00e1tico se ha arraigado y fortalecido en la sociedad salvadore\u00f1a y el FMLN y ARENA han respetado las reglas del juego electoral y han acatado sus resultados. El nuevo presidente, al que tengo el gusto de conocer desde 1980, en los a\u00f1os que milit\u00e9 en la FPL, es una persona sencilla y honrada. Es un hombre que tiene control sobre las tentaciones del poder. En el 2009, a petici\u00f3n de su hijos, public\u00f3 una autobiograf\u00eda donde cuenta su historia (Con sue\u00f1os se escribe la vida: Autobiograf\u00eda de un revolucionario salvadore\u00f1o, Ocean Sur) y presenta su pensamiento pol\u00edtico y visi\u00f3n de hacia d\u00f3nde debe caminar El Salvador.<\/p>\n<p>La campa\u00f1a del candidato de ARENA, Norman Quijano, se articul\u00f3 en el esfuerzo de tratar de sembrar la idea, entre los electores, que de ganar el FMLN habr\u00eda un gobierno como el cubano o el venezolano.<\/p>\n<p>El electorado que tiene ya la experiencia de un gobierno del FMLN no se compr\u00f3 la historia y \u00e9sta no influy\u00f3 a la hora del voto. Lo mismo, en su momento, dijeron que pasar\u00eda de ganar el gobierno que encabez\u00f3 el todav\u00eda presidente Funes.<\/p>\n<p>Los retos que tiene el nuevo presidente son enormes y entre ellos est\u00e1 el de seguir con el proceso de modernizaci\u00f3n del gobierno, mejorar la calidad de la educaci\u00f3n y abatir los niveles de pobreza. Espero que est\u00e9 a la altura de las circunstancias.<\/p>\n","protected":false},"excerpt":{"rendered":"<p>Rub\u00e9n Aguilar Valenzuela Ayer, domingo 9 de marzo, gan\u00f3 en segunda vuelta electoral, la primera fue el 2 de febrero, la presidencia de El Salvador, Salvador S\u00e1nchez Cer\u00e9n, el comandante Leonel de los a\u00f1os de la guerra, candidato del FMLN. En 1992, la guerrilla se trasforma en partido, despu\u00e9s de la firma de los Acuerdos [&hellip;]<\/p>\n","protected":false},"author":1,"featured_media":29879,"comment_status":"open","ping_status":"open","sticky":false,"template":"","format":"standard","meta":{"om_disable_all_campaigns":false,"_monsterinsights_skip_tracking":false,"_monsterinsights_sitenote_active":false,"_monsterinsights_sitenote_note":"","_monsterinsights_sitenote_category":0,"footnotes":""},"categories":[12],"tags":[],"class_list":["post-29878","post","type-post","status-publish","format-standard","has-post-thumbnail","hentry","category-blugs"],"aioseo_notices":[],"_links":{"self":[{"href":"https:\/\/elcronistadigital.com\/index.php?rest_route=\/wp\/v2\/posts\/29878","targetHints":{"allow":["GET"]}}],"collection":[{"href":"https:\/\/elcronistadigital.com\/index.php?rest_route=\/wp\/v2\/posts"}],"about":[{"href":"https:\/\/elcronistadigital.com\/index.php?rest_route=\/wp\/v2\/types\/post"}],"author":[{"embeddable":true,"href":"https:\/\/elcronistadigital.com\/index.php?rest_route=\/wp\/v2\/users\/1"}],"replies":[{"embeddable":true,"href":"https:\/\/elcronistadigital.com\/index.php?rest_route=%2Fwp%2Fv2%2Fcomments&post=29878"}],"version-history":[{"count":1,"href":"https:\/\/elcronistadigital.com\/index.php?rest_route=\/wp\/v2\/posts\/29878\/revisions"}],"predecessor-version":[{"id":29880,"href":"https:\/\/elcronistadigital.com\/index.php?rest_route=\/wp\/v2\/posts\/29878\/revisions\/29880"}],"wp:featuredmedia":[{"embeddable":true,"href":"https:\/\/elcronistadigital.com\/index.php?rest_route=\/wp\/v2\/media\/29879"}],"wp:attachment":[{"href":"https:\/\/elcronistadigital.com\/index.php?rest_route=%2Fwp%2Fv2%2Fmedia&parent=29878"}],"wp:term":[{"taxonomy":"category","embeddable":true,"href":"https:\/\/elcronistadigital.com\/index.php?rest_route=%2Fwp%2Fv2%2Fcategories&post=29878"},{"taxonomy":"post_tag","embeddable":true,"href":"https:\/\/elcronistadigital.com\/index.php?rest_route=%2Fwp%2Fv2%2Ftags&post=29878"}],"curies":[{"name":"wp","href":"https:\/\/api.w.org\/{rel}","templated":true}]}}