{"id":29884,"date":"2014-03-10T12:26:39","date_gmt":"2014-03-10T18:26:39","guid":{"rendered":"http:\/\/elcronistadigital.com\/?p=29884"},"modified":"2014-03-10T12:26:39","modified_gmt":"2014-03-10T18:26:39","slug":"mexico-deporta-menos-migrantes","status":"publish","type":"post","link":"https:\/\/elcronistadigital.com\/?p=29884","title":{"rendered":"M\u00e9xico deporta menos migrantes"},"content":{"rendered":"<p><a href=\"https:\/\/elcronistadigital.com\/?attachment_id=29885\" rel=\"attachment wp-att-29885\"><img loading=\"lazy\" decoding=\"async\" class=\"alignleft size-medium wp-image-29885\" alt=\"centroamericanos-deportados-\" src=\"https:\/\/elcronistadigital.com\/wp-content\/uploads\/2014\/03\/centroamericanos-deportados--300x204.jpg\" width=\"300\" height=\"204\" srcset=\"https:\/\/elcronistadigital.com\/wp-content\/uploads\/2014\/03\/centroamericanos-deportados--300x204.jpg 300w, https:\/\/elcronistadigital.com\/wp-content\/uploads\/2014\/03\/centroamericanos-deportados--342x232.jpg 342w, https:\/\/elcronistadigital.com\/wp-content\/uploads\/2014\/03\/centroamericanos-deportados-.jpg 473w\" sizes=\"auto, (max-width: 300px) 100vw, 300px\" \/><\/a>* Al menos en el primer bimestre de este a\u00f1o, en el que van 10,771 personas rechazadas contra 11,901 de 2013 en el mismo periodo<\/p>\n<p>Un informe de la Direcci\u00f3n General de Migraci\u00f3n, publicado en su p\u00e1gina de internet, indica que durante el primer bimestre del a\u00f1o fueron expulsados de suelo mexicano 4 mil 608 hondure\u00f1os, 4 mil 322 guatemaltecos, mil 776 salvadore\u00f1os y 65 nicarag\u00fcenses, para un total de 10,771 personas.<\/p>\n<p>El documento detalla que entre enero y febrero del 2013 fueron deportados 11 mil 901 centroamericanos.<\/p>\n<p>Durante todo el a\u00f1o pasado M\u00e9xico deport\u00f3 a 77 mil 756 centroamericanos.<\/p>\n<p>Unos 140 mil extranjeros, mayoritariamente centroamericanos, ingresan cada a\u00f1o de manera ilegal a M\u00e9xico, intentando llegar a territorio estadounidense en busca de una mejor vida, de acuerdo con estimaciones oficiales.<\/p>\n<p>Algunos de ellos pagan a traficantes conocidos como \u00abpolleros\u00bb o \u00abcoyotes\u00bb para que los gu\u00eden en su ruta clandestina y muchos son v\u00edctimas de robo, extorsi\u00f3n, violaci\u00f3n, trata, secuestro y asesinato por parte de organizaciones del crimen organizado, as\u00ed como de abusos por parte de las autoridades.<\/p>\n","protected":false},"excerpt":{"rendered":"<p>* Al menos en el primer bimestre de este a\u00f1o, en el que van 10,771 personas rechazadas contra 11,901 de 2013 en el mismo periodo Un informe de la Direcci\u00f3n General de Migraci\u00f3n, publicado en su p\u00e1gina de internet, indica que durante el primer bimestre del a\u00f1o fueron expulsados de suelo mexicano 4 mil 608 [&hellip;]<\/p>\n","protected":false},"author":1,"featured_media":29885,"comment_status":"open","ping_status":"open","sticky":false,"template":"","format":"standard","meta":{"om_disable_all_campaigns":false,"_monsterinsights_skip_tracking":false,"_monsterinsights_sitenote_active":false,"_monsterinsights_sitenote_note":"","_monsterinsights_sitenote_category":0,"footnotes":""},"categories":[16],"tags":[],"class_list":["post-29884","post","type-post","status-publish","format-standard","has-post-thumbnail","hentry","category-migrante"],"aioseo_notices":[],"_links":{"self":[{"href":"https:\/\/elcronistadigital.com\/index.php?rest_route=\/wp\/v2\/posts\/29884","targetHints":{"allow":["GET"]}}],"collection":[{"href":"https:\/\/elcronistadigital.com\/index.php?rest_route=\/wp\/v2\/posts"}],"about":[{"href":"https:\/\/elcronistadigital.com\/index.php?rest_route=\/wp\/v2\/types\/post"}],"author":[{"embeddable":true,"href":"https:\/\/elcronistadigital.com\/index.php?rest_route=\/wp\/v2\/users\/1"}],"replies":[{"embeddable":true,"href":"https:\/\/elcronistadigital.com\/index.php?rest_route=%2Fwp%2Fv2%2Fcomments&post=29884"}],"version-history":[{"count":1,"href":"https:\/\/elcronistadigital.com\/index.php?rest_route=\/wp\/v2\/posts\/29884\/revisions"}],"predecessor-version":[{"id":29886,"href":"https:\/\/elcronistadigital.com\/index.php?rest_route=\/wp\/v2\/posts\/29884\/revisions\/29886"}],"wp:featuredmedia":[{"embeddable":true,"href":"https:\/\/elcronistadigital.com\/index.php?rest_route=\/wp\/v2\/media\/29885"}],"wp:attachment":[{"href":"https:\/\/elcronistadigital.com\/index.php?rest_route=%2Fwp%2Fv2%2Fmedia&parent=29884"}],"wp:term":[{"taxonomy":"category","embeddable":true,"href":"https:\/\/elcronistadigital.com\/index.php?rest_route=%2Fwp%2Fv2%2Fcategories&post=29884"},{"taxonomy":"post_tag","embeddable":true,"href":"https:\/\/elcronistadigital.com\/index.php?rest_route=%2Fwp%2Fv2%2Ftags&post=29884"}],"curies":[{"name":"wp","href":"https:\/\/api.w.org\/{rel}","templated":true}]}}