{"id":30130,"date":"2014-03-18T16:33:10","date_gmt":"2014-03-18T22:33:10","guid":{"rendered":"http:\/\/elcronistadigital.com\/?p=30130"},"modified":"2014-03-18T16:33:10","modified_gmt":"2014-03-18T22:33:10","slug":"centroamericanos-huyen-del-crimen-organizado","status":"publish","type":"post","link":"https:\/\/elcronistadigital.com\/?p=30130","title":{"rendered":"Centroamericanos huyen del crimen organizado"},"content":{"rendered":"<p><a href=\"https:\/\/elcronistadigital.com\/?attachment_id=30131\" rel=\"attachment wp-att-30131\"><img loading=\"lazy\" decoding=\"async\" class=\"alignleft size-medium wp-image-30131\" alt=\"migrantes CA\" src=\"https:\/\/elcronistadigital.com\/wp-content\/uploads\/2014\/03\/migrantes-CA-300x218.jpg\" width=\"300\" height=\"218\" srcset=\"https:\/\/elcronistadigital.com\/wp-content\/uploads\/2014\/03\/migrantes-CA-300x218.jpg 300w, https:\/\/elcronistadigital.com\/wp-content\/uploads\/2014\/03\/migrantes-CA-342x248.jpg 342w, https:\/\/elcronistadigital.com\/wp-content\/uploads\/2014\/03\/migrantes-CA-60x45.jpg 60w, https:\/\/elcronistadigital.com\/wp-content\/uploads\/2014\/03\/migrantes-CA-90x65.jpg 90w, https:\/\/elcronistadigital.com\/wp-content\/uploads\/2014\/03\/migrantes-CA.jpg 400w\" sizes=\"auto, (max-width: 300px) 100vw, 300px\" \/><\/a>Miles de centroamericanos solicitan asilo o buscan refugio huyendo de sus pa\u00edses ante amenazas del crimen organizado, asegur\u00f3 el Alto Comisionado de las Naciones Unidas para los Refugiados (ACNUR), en el marco de un taller regional iniciado el martes en San Salvador.<\/p>\n<p>\u00abLos n\u00fameros (de refugiados y asilados) han venido creciendo desde 2008 para ac\u00e1 y cada a\u00f1o son mayores, se trata de un incremento muy significativo\u00bb, declar\u00f3 a la AFP el representante regional de ACNUR para M\u00e9xico, Centroam\u00e9rica y Cuba, Fernando Protti.<\/p>\n<p>El \u00faltimo dato registrado, de 2012, indica que en el Tri\u00e1ngulo Norte (integrado por Guatemala, El Salvador y Honduras) hubo 3.735 solicitantes de asilo y 17.129 salieron en calidad de refugiados, seg\u00fan informa Afp.<\/p>\n<p>El tema es analizado en el taller regional \u00abIntroducci\u00f3n a desplazamiento forzado y necesidades de protecci\u00f3n\u00bb que se inici\u00f3 este martes y que se prolongar\u00e1 hasta el jueves, patrocinado por el Sistema de la Integraci\u00f3n Centroamericana (Sica), la canciller\u00eda salvadore\u00f1a y el ACNUR, entre otros entes.<\/p>\n<p>La principal causa del \u00abdesplazamiento forzado\u00bb, seg\u00fan Protti, es \u00abla amenaza de las pandillas o maras y el narcotr\u00e1fico o crimen organizado transnacional\u00bb.<\/p>\n<p>Seg\u00fan ACNUR, unos 1.620 salvadore\u00f1os solicitaron asilo a otras naciones durante 2012, al igual que lo hicieron 1.320 guatemaltecos y 795 hondure\u00f1os.<\/p>\n<p>La b\u00fasqueda de \u00abprotecci\u00f3n internacional\u00bb es m\u00e1s a Estados Unidos, Canad\u00e1 y M\u00e9xico, aunque tambi\u00e9n hay un \u00abcrecimiento\u00bb de las solicitudes dirigidas a Nicaragua, Costa Rica y Panam\u00e1.<\/p>\n<p>La cifra se incrementa en cuanto a los refugiados: 8.153 salvadore\u00f1os, 6.300 guatemaltecos y 2.607 hondure\u00f1os en 2012.<\/p>\n<p>\u00abExisten evidencias de que estos n\u00fameros (cifras de refugiados y asilados) s\u00f3lo representan una porci\u00f3n de la poblaci\u00f3n que ha sido desplazada y que requiere protecci\u00f3n internacional\u00bb, destaca el ACNUR en un comunicado.<\/p>\n<p>En su mayor\u00eda, la poblaci\u00f3n huye de las comunidades por negarse a vender sus tierras a narcotraficantes; para evitar que se cumplan amenazas de muerte; para impedir que los hijos sean reclutados por las pandillas o para librarse de las extorsiones de los pandilleros.<\/p>\n<p>Los pa\u00edses centroamericanos registraron fuertes desplazamientos de poblaci\u00f3n entre 1980 y 1992 a causa de las guerras civiles en Guatemala, Honduras y Nicaragua, en momentos en que ciertos sectores de la poblaci\u00f3n eran perseguidos por motivaciones pol\u00edticas.<\/p>\n<p>ACNUR cerr\u00f3 en la d\u00e9cada de los 90 los campamentos de refugiados que ten\u00eda en M\u00e9xico, Honduras y Panam\u00e1, en virtud de que la poblaci\u00f3n regres\u00f3 a sus lugares de origen tras los acuerdos de paz en el Tri\u00e1ngulo Norte.<\/p>\n<p>Actualmente los refugiados asistidos por ACNUR viven en las comunidades de los pa\u00edses que los acogen.<\/p>\n","protected":false},"excerpt":{"rendered":"<p>Miles de centroamericanos solicitan asilo o buscan refugio huyendo de sus pa\u00edses ante amenazas del crimen organizado, asegur\u00f3 el Alto Comisionado de las Naciones Unidas para los Refugiados (ACNUR), en el marco de un taller regional iniciado el martes en San Salvador. \u00abLos n\u00fameros (de refugiados y asilados) han venido creciendo desde 2008 para ac\u00e1 [&hellip;]<\/p>\n","protected":false},"author":1,"featured_media":30131,"comment_status":"open","ping_status":"open","sticky":false,"template":"","format":"standard","meta":{"om_disable_all_campaigns":false,"_monsterinsights_skip_tracking":false,"_monsterinsights_sitenote_active":false,"_monsterinsights_sitenote_note":"","_monsterinsights_sitenote_category":0,"footnotes":""},"categories":[16,3524],"tags":[],"class_list":["post-30130","post","type-post","status-publish","format-standard","has-post-thumbnail","hentry","category-migrante","category-noticas"],"aioseo_notices":[],"_links":{"self":[{"href":"https:\/\/elcronistadigital.com\/index.php?rest_route=\/wp\/v2\/posts\/30130","targetHints":{"allow":["GET"]}}],"collection":[{"href":"https:\/\/elcronistadigital.com\/index.php?rest_route=\/wp\/v2\/posts"}],"about":[{"href":"https:\/\/elcronistadigital.com\/index.php?rest_route=\/wp\/v2\/types\/post"}],"author":[{"embeddable":true,"href":"https:\/\/elcronistadigital.com\/index.php?rest_route=\/wp\/v2\/users\/1"}],"replies":[{"embeddable":true,"href":"https:\/\/elcronistadigital.com\/index.php?rest_route=%2Fwp%2Fv2%2Fcomments&post=30130"}],"version-history":[{"count":1,"href":"https:\/\/elcronistadigital.com\/index.php?rest_route=\/wp\/v2\/posts\/30130\/revisions"}],"predecessor-version":[{"id":30132,"href":"https:\/\/elcronistadigital.com\/index.php?rest_route=\/wp\/v2\/posts\/30130\/revisions\/30132"}],"wp:featuredmedia":[{"embeddable":true,"href":"https:\/\/elcronistadigital.com\/index.php?rest_route=\/wp\/v2\/media\/30131"}],"wp:attachment":[{"href":"https:\/\/elcronistadigital.com\/index.php?rest_route=%2Fwp%2Fv2%2Fmedia&parent=30130"}],"wp:term":[{"taxonomy":"category","embeddable":true,"href":"https:\/\/elcronistadigital.com\/index.php?rest_route=%2Fwp%2Fv2%2Fcategories&post=30130"},{"taxonomy":"post_tag","embeddable":true,"href":"https:\/\/elcronistadigital.com\/index.php?rest_route=%2Fwp%2Fv2%2Ftags&post=30130"}],"curies":[{"name":"wp","href":"https:\/\/api.w.org\/{rel}","templated":true}]}}