{"id":30155,"date":"2014-03-19T15:26:37","date_gmt":"2014-03-19T21:26:37","guid":{"rendered":"http:\/\/elcronistadigital.com\/?p=30155"},"modified":"2014-03-19T15:26:37","modified_gmt":"2014-03-19T21:26:37","slug":"empate-electoral-en-el-salvador","status":"publish","type":"post","link":"https:\/\/elcronistadigital.com\/?p=30155","title":{"rendered":"Empate electoral en El Salvador"},"content":{"rendered":"<div id=\"attachment_29917\" style=\"width: 210px\" class=\"wp-caption alignleft\"><a href=\"https:\/\/elcronistadigital.com\/?attachment_id=29917\" rel=\"attachment wp-att-29917\"><img loading=\"lazy\" decoding=\"async\" aria-describedby=\"caption-attachment-29917\" class=\"size-medium wp-image-29917\" alt=\"Rub\u00e9n Aguilar Valenzuela.\" src=\"https:\/\/elcronistadigital.com\/wp-content\/uploads\/2014\/03\/Rub\u00e9n-Aguilar-Valenzuela2-200x300.jpg\" width=\"200\" height=\"300\" srcset=\"https:\/\/elcronistadigital.com\/wp-content\/uploads\/2014\/03\/Rub\u00e9n-Aguilar-Valenzuela2-200x300.jpg 200w, https:\/\/elcronistadigital.com\/wp-content\/uploads\/2014\/03\/Rub\u00e9n-Aguilar-Valenzuela2.jpg 299w\" sizes=\"auto, (max-width: 200px) 100vw, 200px\" \/><\/a><p id=\"caption-attachment-29917\" class=\"wp-caption-text\">Rub\u00e9n Aguilar Valenzuela.<\/p><\/div>\n<p>* Gobierna para todos y no s\u00f3lo para los suyos. Est\u00e1 obligado a escuchar el mandato ciudadano que decidi\u00f3 otorgar la mitad de los votos a cada candidato.<\/p>\n<p>Rub\u00e9n Aguilar Valenzuela<\/p>\n<p>El domingo 16 de marzo, el Tribunal Supremo Electoral (TSE) de El Salvador decret\u00f3 oficialmente como presidente de ese pa\u00eds a Salvador S\u00e1nchez Cer\u00e9n, el candidato del FMLN. En la segunda vuelta y en contra de lo que dec\u00edan las encuestas, que daban 10 puntos de ventaja al ahora ganador, s\u00f3lo sac\u00f3 una ventaja de 0.20% sobre Norman Quijano, el candidato de ARENA, el partido de la derecha.<\/p>\n<p>El electorado se dividi\u00f3 en dos grupos pr\u00e1cticamente iguales y el candidato que result\u00f3 ganador, lo es por una ventaja m\u00ednima, as\u00ed es el juego democr\u00e1tico, a la hora de gobernar debe tener claro esta realidad.<\/p>\n<p>Gobierna para todos y no s\u00f3lo para los suyos. Est\u00e1 obligado a escuchar el mandato ciudadano que decidi\u00f3 otorgar la mitad de los votos a cada candidato.<\/p>\n<p>La ventaja para S\u00e1nchez Cer\u00e9n es de s\u00f3lo 6,300 votos en una elecci\u00f3n en la que participaron casi tres millones de electores. \u00bfQu\u00e9 pas\u00f3? \u00bfQu\u00e9 explica este resultado? \u00bfFallaron las encuestas? En la primera vuelta, celebrada el 2 de febrero, a S\u00e1nchez Cer\u00e9n le falt\u00f3 1.3% para ganar, pero en la segunda vuelta conserva el mismo n\u00famero de votantes mientras que Quijano crece en 11 por ciento.<\/p>\n<p>Al parecer, todos los que votaron por el ex presidente Antonio Saca, del partido GANA, apoyaron esta vez al candidato de ARENA. Se pensaba que buena parte de este sector se pronunciar\u00eda por el FMLN, pero no fue as\u00ed.<\/p>\n<p>Todo indica que en este grupo influy\u00f3 el discurso del miedo articulado por Quijano, que sostuvo que hacer llegar el FMLN al poder, ser\u00eda dar cabida a un gobierno como el que hoy impera en Venezuela. Los \u00faltimos acontecimientos en ese pa\u00eds jugaron en contra del FMLN en la elecci\u00f3n salvadore\u00f1a.<\/p>\n<p>Es p\u00fablico que el FMLN recibe apoyo del gobierno venezolano y en el imaginario del electorado que, al final se decidi\u00f3 por ARENA, estuvo presente que en El Salvador se podr\u00eda repetir lo que ahora ocurre en Venezuela. En todo caso las encuestas, que fueron muy acertadas en la primera vuelta, en esta segunda no captaron la intenci\u00f3n del voto.<\/p>\n<p>La votaci\u00f3n refleja la divisi\u00f3n que existe en la sociedad salvadore\u00f1a, no es una novedad, y pese a ella despu\u00e9s de los acuerdo de paz, firmados en 1992, ha habido una convivencia tensa, pero respetuosa de las instituciones donde el FMLN y ARENA han acatado siempre los resultados electorales.<\/p>\n<p>Los dos partidos deben preguntarse por qu\u00e9 no pudieron convocar m\u00e1s all\u00e1 de los suyos. El arte de la pol\u00edtica es sumar y no restar. Ambos est\u00e1n obligados a articular una propuesta que resulte atractiva para grupos que ahora no les son afines. De no hacerlo, seguir\u00e1 la situaci\u00f3n de empate con los problemas de gobernanza que esto puede traer consigo.<\/p>\n<p>El candidato del FMLN debe tender la mano a los militantes y simpatizantes de ARENA si quiere dar gobernanza a un pa\u00eds que est\u00e1 dividido por partes iguales. La generosidad y la grandeza con el derrotado debe ser la actitud de S\u00e1nchez Cer\u00e9n. Requiere tambi\u00e9n una enorme habilidad para no tensar la situaci\u00f3n pol\u00edtica. S\u00f3lo con generosidad y habilidad se podr\u00e1 evitar la posibilidad de la confrontaci\u00f3n.<\/p>\n","protected":false},"excerpt":{"rendered":"<p>* Gobierna para todos y no s\u00f3lo para los suyos. Est\u00e1 obligado a escuchar el mandato ciudadano que decidi\u00f3 otorgar la mitad de los votos a cada candidato. Rub\u00e9n Aguilar Valenzuela El domingo 16 de marzo, el Tribunal Supremo Electoral (TSE) de El Salvador decret\u00f3 oficialmente como presidente de ese pa\u00eds a Salvador S\u00e1nchez Cer\u00e9n, [&hellip;]<\/p>\n","protected":false},"author":1,"featured_media":29879,"comment_status":"open","ping_status":"open","sticky":false,"template":"","format":"standard","meta":{"om_disable_all_campaigns":false,"_monsterinsights_skip_tracking":false,"_monsterinsights_sitenote_active":false,"_monsterinsights_sitenote_note":"","_monsterinsights_sitenote_category":0,"footnotes":""},"categories":[12],"tags":[],"class_list":["post-30155","post","type-post","status-publish","format-standard","has-post-thumbnail","hentry","category-blugs"],"aioseo_notices":[],"_links":{"self":[{"href":"https:\/\/elcronistadigital.com\/index.php?rest_route=\/wp\/v2\/posts\/30155","targetHints":{"allow":["GET"]}}],"collection":[{"href":"https:\/\/elcronistadigital.com\/index.php?rest_route=\/wp\/v2\/posts"}],"about":[{"href":"https:\/\/elcronistadigital.com\/index.php?rest_route=\/wp\/v2\/types\/post"}],"author":[{"embeddable":true,"href":"https:\/\/elcronistadigital.com\/index.php?rest_route=\/wp\/v2\/users\/1"}],"replies":[{"embeddable":true,"href":"https:\/\/elcronistadigital.com\/index.php?rest_route=%2Fwp%2Fv2%2Fcomments&post=30155"}],"version-history":[{"count":1,"href":"https:\/\/elcronistadigital.com\/index.php?rest_route=\/wp\/v2\/posts\/30155\/revisions"}],"predecessor-version":[{"id":30156,"href":"https:\/\/elcronistadigital.com\/index.php?rest_route=\/wp\/v2\/posts\/30155\/revisions\/30156"}],"wp:featuredmedia":[{"embeddable":true,"href":"https:\/\/elcronistadigital.com\/index.php?rest_route=\/wp\/v2\/media\/29879"}],"wp:attachment":[{"href":"https:\/\/elcronistadigital.com\/index.php?rest_route=%2Fwp%2Fv2%2Fmedia&parent=30155"}],"wp:term":[{"taxonomy":"category","embeddable":true,"href":"https:\/\/elcronistadigital.com\/index.php?rest_route=%2Fwp%2Fv2%2Fcategories&post=30155"},{"taxonomy":"post_tag","embeddable":true,"href":"https:\/\/elcronistadigital.com\/index.php?rest_route=%2Fwp%2Fv2%2Ftags&post=30155"}],"curies":[{"name":"wp","href":"https:\/\/api.w.org\/{rel}","templated":true}]}}