{"id":30228,"date":"2014-03-21T08:04:21","date_gmt":"2014-03-21T14:04:21","guid":{"rendered":"http:\/\/elcronistadigital.com\/?p=30228"},"modified":"2014-03-21T08:04:21","modified_gmt":"2014-03-21T14:04:21","slug":"el-peligro-de-informar","status":"publish","type":"post","link":"https:\/\/elcronistadigital.com\/?p=30228","title":{"rendered":"El peligro de informar"},"content":{"rendered":"<p><a href=\"https:\/\/elcronistadigital.com\/?attachment_id=30229\" rel=\"attachment wp-att-30229\"><img loading=\"lazy\" decoding=\"async\" class=\"alignleft size-medium wp-image-30229\" alt=\"periodistas asesinados\" src=\"https:\/\/elcronistadigital.com\/wp-content\/uploads\/2014\/03\/periodistas-asesinados-300x218.jpg\" width=\"300\" height=\"218\" srcset=\"https:\/\/elcronistadigital.com\/wp-content\/uploads\/2014\/03\/periodistas-asesinados-300x218.jpg 300w, https:\/\/elcronistadigital.com\/wp-content\/uploads\/2014\/03\/periodistas-asesinados-342x248.jpg 342w, https:\/\/elcronistadigital.com\/wp-content\/uploads\/2014\/03\/periodistas-asesinados-60x45.jpg 60w, https:\/\/elcronistadigital.com\/wp-content\/uploads\/2014\/03\/periodistas-asesinados-90x65.jpg 90w, https:\/\/elcronistadigital.com\/wp-content\/uploads\/2014\/03\/periodistas-asesinados.jpg 400w\" sizes=\"auto, (max-width: 300px) 100vw, 300px\" \/><\/a>Juan Villoro<\/p>\n<p>* Se supone que en M\u00e9xico est\u00e1n protegiendo a los periodistas, pero todo parece ser un simulacro costoso en el que mejoran las declaraciones pero empeoran los hechos\u2026<\/p>\n<p>El 18 de marzo, el cap\u00edtulo para M\u00e9xico y Centroam\u00e9rica de Article 19, asociaci\u00f3n dedicada a proteger a los periodistas, present\u00f3 su informe anual. Pocos d\u00edas antes sus oficinas hab\u00edan sido asaltadas. Eso confirm\u00f3 el clima de persecuci\u00f3n y violencia documentado en el informe.<\/p>\n<p>El ataque a la libertad de expresi\u00f3n lesiona a la sociedad entera. El Estado tambi\u00e9n es v\u00edctima del suceso: si el gobierno en turno no investiga y sanciona el crimen, se convierte en c\u00f3mplice de los hechos.<\/p>\n<p>Durante el sexenio de Felipe Calder\u00f3n, M\u00e9xico fue definido por Reporteros sin Fronteras como el pa\u00eds m\u00e1s inseguro para ejercer el periodismo. Con la llegada a la Presidencia de Enrique Pe\u00f1a Nieto, se baj\u00f3 de volumen al tema de la violencia, pero las muertes no amainaron.<\/p>\n<p>El gobierno de Pe\u00f1a Nieto ha creado dependencias para perseguir los delitos contra periodistas; la comunicaci\u00f3n con los agredidos es m\u00e1s precisa y constante; un ombudsman est\u00e1 en funciones y se promulg\u00f3 la Ley General de V\u00edctimas. Asombrosamente, esto no ha mejorado la situaci\u00f3n. Estamos ante un costoso simulacro: la fiscal\u00eda especializada en delitos contra la libertad de expresi\u00f3n tiene un presupuesto anual de m\u00e1s de 30 millones de pesos, pero no ha contribuido a detener a un solo culpable. El gobierno actual est\u00e1 mejor informado y muestra mayor disposici\u00f3n que el de Calder\u00f3n. No es por ignorancia que no se act\u00faa, sino por falta de voluntad pol\u00edtica. Su inmovilidad roza el cinismo.<\/p>\n<p>Y el drama aumenta. De acuerdo con Article 19, 2013 fue el a\u00f1o en que m\u00e1s se amenaz\u00f3 a los periodistas desde 2007. La organizaci\u00f3n registr\u00f3 330 casos de agresi\u00f3n al gremio.<\/p>\n<p>En foros internacionales, Pe\u00f1a Nieto ha destacado la relevancia de la informaci\u00f3n y la necesidad de que se ejerza en un clima de libertad. Pero gobierna con bipolaridad: las declaraciones mejoran mientras los hechos empeoran y las leyes se perfeccionan para ser ignoradas.<\/p>\n<p>En todas las sociedades hay una franja donde lo il\u00edcito adquiere apariencia de ser l\u00edcito. De nada sirve vender droga si despu\u00e9s no se puede usar ese dinero. Los delincuentes requieren de complicidades para establecer negocios \u00ablegales\u00bb. Es ah\u00ed donde la informaci\u00f3n se vuelve particularmente peligrosa. El capo que embarca cargamentos de coca\u00edna en un bre\u00f1al del desierto no piensa en su reputaci\u00f3n. En cambio, el empresario, el alcalde, el diputado, el coronel o el jefe de polic\u00eda que sirven de tapadera al crimen pueden perderlo todo si se conoce lo que hacen. Es en esa frontera entre lo criminal y lo aparentemente legal donde un reportaje puede significar el acta de defunci\u00f3n de un periodista.<\/p>\n<p>La equivocada estrategia de sacar el Ej\u00e9rcito a las calles para amedrentar a los c\u00e1rteles pas\u00f3 por alto que el narcotr\u00e1fico es un negocio que cumple el ciclo completo de producci\u00f3n, distribuci\u00f3n, ganancia y lavado de dinero al interior de la sociedad. Al desatender ese circuito se ha puesto en peligro a los periodistas que s\u00ed lo atienden. Es por eso que Dar\u00edo Ram\u00edrez, director de Article 19, se\u00f1ala que la principal amenaza contra los periodistas proviene de las propias autoridades.<\/p>\n<p>El ataque a los medios se concentra en regiones claramente diferenciadas, lo cual responsabiliza a los poderes locales. La mayor\u00eda de los delitos se concentran en Veracruz, Coahuila y el Distrito Federal. En las dos primeras entidades, gobernadas por el PRI, el problema tiene que ver con la connivencia entre las autoridades y el crimen organizado. En el caso del DF, el hostigamiento es un efecto secundario de la progresiva criminalizaci\u00f3n de las marchas: los informadores son vistos como c\u00f3mplices de los \u00abanarquistas\u00bb (aberraci\u00f3n idiom\u00e1tica con que se unifica a toda clase de maleantes). \u00abDa\u00f1ar la propiedad ajena en d\u00eda de protesta se ha vuelto un agravante legal\u00bb, se\u00f1ala Ram\u00edrez. De los 330 ataques contra periodistas, 60 ocurrieron en el contexto de movilizaciones sociales.<\/p>\n<p>Los capitalinos estamos hartos de que la ciudad se paralice. Sin embargo, mientras no haya una regulaci\u00f3n clara y democr\u00e1tica de las manifestaciones, su presunto control provocar\u00e1 abusos como los que se han cometido contra los periodistas.<\/p>\n<p>El periodismo sobrevive gracias al hero\u00edsmo de los colegas. Sin embargo, el creciente respaldo a los informes de Article 19 revela que no todo est\u00e1 perdido: la valent\u00eda es contagiosa.<\/p>\n","protected":false},"excerpt":{"rendered":"<p>Juan Villoro * Se supone que en M\u00e9xico est\u00e1n protegiendo a los periodistas, pero todo parece ser un simulacro costoso en el que mejoran las declaraciones pero empeoran los hechos\u2026 El 18 de marzo, el cap\u00edtulo para M\u00e9xico y Centroam\u00e9rica de Article 19, asociaci\u00f3n dedicada a proteger a los periodistas, present\u00f3 su informe anual. Pocos [&hellip;]<\/p>\n","protected":false},"author":1,"featured_media":30229,"comment_status":"open","ping_status":"open","sticky":false,"template":"","format":"standard","meta":{"om_disable_all_campaigns":false,"_monsterinsights_skip_tracking":false,"_monsterinsights_sitenote_active":false,"_monsterinsights_sitenote_note":"","_monsterinsights_sitenote_category":0,"footnotes":""},"categories":[12],"tags":[],"class_list":["post-30228","post","type-post","status-publish","format-standard","has-post-thumbnail","hentry","category-blugs"],"aioseo_notices":[],"_links":{"self":[{"href":"https:\/\/elcronistadigital.com\/index.php?rest_route=\/wp\/v2\/posts\/30228","targetHints":{"allow":["GET"]}}],"collection":[{"href":"https:\/\/elcronistadigital.com\/index.php?rest_route=\/wp\/v2\/posts"}],"about":[{"href":"https:\/\/elcronistadigital.com\/index.php?rest_route=\/wp\/v2\/types\/post"}],"author":[{"embeddable":true,"href":"https:\/\/elcronistadigital.com\/index.php?rest_route=\/wp\/v2\/users\/1"}],"replies":[{"embeddable":true,"href":"https:\/\/elcronistadigital.com\/index.php?rest_route=%2Fwp%2Fv2%2Fcomments&post=30228"}],"version-history":[{"count":1,"href":"https:\/\/elcronistadigital.com\/index.php?rest_route=\/wp\/v2\/posts\/30228\/revisions"}],"predecessor-version":[{"id":30230,"href":"https:\/\/elcronistadigital.com\/index.php?rest_route=\/wp\/v2\/posts\/30228\/revisions\/30230"}],"wp:featuredmedia":[{"embeddable":true,"href":"https:\/\/elcronistadigital.com\/index.php?rest_route=\/wp\/v2\/media\/30229"}],"wp:attachment":[{"href":"https:\/\/elcronistadigital.com\/index.php?rest_route=%2Fwp%2Fv2%2Fmedia&parent=30228"}],"wp:term":[{"taxonomy":"category","embeddable":true,"href":"https:\/\/elcronistadigital.com\/index.php?rest_route=%2Fwp%2Fv2%2Fcategories&post=30228"},{"taxonomy":"post_tag","embeddable":true,"href":"https:\/\/elcronistadigital.com\/index.php?rest_route=%2Fwp%2Fv2%2Ftags&post=30228"}],"curies":[{"name":"wp","href":"https:\/\/api.w.org\/{rel}","templated":true}]}}