{"id":30309,"date":"2014-03-24T11:53:20","date_gmt":"2014-03-24T17:53:20","guid":{"rendered":"http:\/\/elcronistadigital.com\/?p=30309"},"modified":"2014-03-24T11:53:20","modified_gmt":"2014-03-24T17:53:20","slug":"costa-rica-presenta-politica-migratoria-de-avanzada","status":"publish","type":"post","link":"https:\/\/elcronistadigital.com\/?p=30309","title":{"rendered":"Costa Rica presenta pol\u00edtica migratoria de avanzada"},"content":{"rendered":"<p><a href=\"https:\/\/elcronistadigital.com\/?attachment_id=30310\" rel=\"attachment wp-att-30310\"><img loading=\"lazy\" decoding=\"async\" class=\"alignleft size-medium wp-image-30310\" alt=\"migrante\" src=\"https:\/\/elcronistadigital.com\/wp-content\/uploads\/2014\/03\/migrante-300x224.jpg\" width=\"300\" height=\"224\" srcset=\"https:\/\/elcronistadigital.com\/wp-content\/uploads\/2014\/03\/migrante-300x224.jpg 300w, https:\/\/elcronistadigital.com\/wp-content\/uploads\/2014\/03\/migrante-342x256.jpg 342w, https:\/\/elcronistadigital.com\/wp-content\/uploads\/2014\/03\/migrante-60x45.jpg 60w, https:\/\/elcronistadigital.com\/wp-content\/uploads\/2014\/03\/migrante-150x113.jpg 150w, https:\/\/elcronistadigital.com\/wp-content\/uploads\/2014\/03\/migrante-269x201.jpg 269w, https:\/\/elcronistadigital.com\/wp-content\/uploads\/2014\/03\/migrante.jpg 370w\" sizes=\"auto, (max-width: 300px) 100vw, 300px\" \/><\/a>\u2022 Fue construida con apoyo de varios sectores, organizaciones y entidades entre ellas Fundaci\u00f3n Avina y conceptualiza el desplazamiento como factor de desarrollo.<br \/>\n\u2022 Tiene como objetivo humanizarla y promover el acceso a los servicios de salud, educaci\u00f3n, empleo, as\u00ed como el respeto a los derechos laborales de las personas inmigrantes y refugiadas.<\/p>\n<p>El Gobierno de Costa Rica present\u00f3 la primera Pol\u00edtica Migratoria que se formula en el pa\u00eds, aplicable en el pr\u00f3ximo decenio, catalogada como un instrumento \u00ab\u00fanico en el continente americano\u00bb, que podr\u00e1 sentar precedente y servir de impulso a otros pa\u00edses de la regi\u00f3n en desarrollar instrumentos en este eje.<\/p>\n<p>El viceministro costarricense de Gobernaci\u00f3n, que rige los asuntos migratorios, Freddy Montero, declar\u00f3 que entre sus virtudes es que fue construida \u00abde abajo hacia arriba\u00bb con la participaci\u00f3n de la sociedad civil. \u201cBusca promover acciones conjuntas entre las diversas instituciones del pa\u00eds, para responder a las exigencias del tema migratorio, garantizando un enfoque respetuoso de los derechos humanos y la dignidad humana\u201d, explic\u00f3 Montero.<\/p>\n<p>Entre los puntos que destac\u00f3 el Viceministro es que conceptualiza la migraci\u00f3n como factor de desarrollo, por lo cual, se procurar\u00e1 integrar a las personas migrantes que habitan en el territorio costarricenses, con las condiciones necesarias para una calidad de vida satisfactoria.<\/p>\n<p>De acuerdo a datos oficiales (2011) en Costa Rica habitan alrededor 385,900 inmigrantes, un 9% de la poblaci\u00f3n del pa\u00eds. El 74,6 % de los extranjeros que vive en Costa Rica son nicarag\u00fcenses, un 4,3 % colombianos, un 4,1 % estadounidenses, un 2,9 % paname\u00f1os y un 2,4 % salvadore\u00f1os.<\/p>\n<p>Montero afirm\u00f3 que aunque la pol\u00edtica ya est\u00e1 lista, a\u00fan se debe concluir el plan de acci\u00f3n que establecer\u00e1 metas, objetivos claros y la financiaci\u00f3n para cada instituci\u00f3n involucrada a lo largo de los pr\u00f3ximos diez a\u00f1os.<\/p>\n<p>El Vicepresidente de la Rep\u00fablica, Alfio Piva, aprovech\u00f3 la presentaci\u00f3n para agradecer a todas las instituciones p\u00fablicas y otras entidades que hicieron posible el nacimiento de esta Pol\u00edtica, incluyendo a la Fundaci\u00f3n AVINA.<\/p>\n<p>\u201cLa persona humana es la raz\u00f3n de ser de toda la Pol\u00edtica, indic\u00f3 el Vicepresidente Piva; resalt\u00f3 que el rasgo principal es humanizar la migraci\u00f3n y busca promover el acceso a los servicios de salud y educaci\u00f3n y mejores condiciones de empleo, as\u00ed como el respeto a los derechos laborales de las personas inmigrantes y refugiadas.<\/p>\n<p>La representante del Ministerio de Planificaci\u00f3n ante el Consejo, Laura Fern\u00e1ndez, manifest\u00f3 que el \u00e9xito de esta Pol\u00edtica est\u00e1 basado en que se incorpor\u00f3 la Sociedad Civil en el proceso de creaci\u00f3n, al ser estos los m\u00e1s interesados. \u201cEl tema migratorio se est\u00e1 abordando desde una perspectiva integral con el fin de contar con un buen control de los flujos de personas y al mismo tiempo impulsar el desarrollo humano\u201d, agreg\u00f3 Fern\u00e1ndez.<\/p>\n<p>En la actividad de presentaci\u00f3n estuvo presente el director program\u00e1tico de la Fundaci\u00f3n AVINA, Daniel Gonz\u00e1lez, quien manifest\u00f3: \u201cLa construcci\u00f3n de este instrumento se logr\u00f3 con la participaci\u00f3n de las voces de los migrantes y se complement\u00f3 con la mirada de las organizaciones acad\u00e9micas que hoy Conforman el Consejo Nacional de Migraci\u00f3n en representaci\u00f3n de la sociedad civil\u00bb.<\/p>\n<p>El Consejo Nacional de Migraci\u00f3n, integrado por representantes del Gobierno y la sociedad civil, fue el encargado de elaborar la pol\u00edtica como lo estipula la Ley de Migraci\u00f3n, que entr\u00f3 en vigencia en 2010.<\/p>\n","protected":false},"excerpt":{"rendered":"<p>\u2022 Fue construida con apoyo de varios sectores, organizaciones y entidades entre ellas Fundaci\u00f3n Avina y conceptualiza el desplazamiento como factor de desarrollo. \u2022 Tiene como objetivo humanizarla y promover el acceso a los servicios de salud, educaci\u00f3n, empleo, as\u00ed como el respeto a los derechos laborales de las personas inmigrantes y refugiadas. El Gobierno [&hellip;]<\/p>\n","protected":false},"author":1,"featured_media":30310,"comment_status":"open","ping_status":"open","sticky":false,"template":"","format":"standard","meta":{"om_disable_all_campaigns":false,"_monsterinsights_skip_tracking":false,"_monsterinsights_sitenote_active":false,"_monsterinsights_sitenote_note":"","_monsterinsights_sitenote_category":0,"footnotes":""},"categories":[16,3524],"tags":[],"class_list":["post-30309","post","type-post","status-publish","format-standard","has-post-thumbnail","hentry","category-migrante","category-noticas"],"aioseo_notices":[],"_links":{"self":[{"href":"https:\/\/elcronistadigital.com\/index.php?rest_route=\/wp\/v2\/posts\/30309","targetHints":{"allow":["GET"]}}],"collection":[{"href":"https:\/\/elcronistadigital.com\/index.php?rest_route=\/wp\/v2\/posts"}],"about":[{"href":"https:\/\/elcronistadigital.com\/index.php?rest_route=\/wp\/v2\/types\/post"}],"author":[{"embeddable":true,"href":"https:\/\/elcronistadigital.com\/index.php?rest_route=\/wp\/v2\/users\/1"}],"replies":[{"embeddable":true,"href":"https:\/\/elcronistadigital.com\/index.php?rest_route=%2Fwp%2Fv2%2Fcomments&post=30309"}],"version-history":[{"count":1,"href":"https:\/\/elcronistadigital.com\/index.php?rest_route=\/wp\/v2\/posts\/30309\/revisions"}],"predecessor-version":[{"id":30311,"href":"https:\/\/elcronistadigital.com\/index.php?rest_route=\/wp\/v2\/posts\/30309\/revisions\/30311"}],"wp:featuredmedia":[{"embeddable":true,"href":"https:\/\/elcronistadigital.com\/index.php?rest_route=\/wp\/v2\/media\/30310"}],"wp:attachment":[{"href":"https:\/\/elcronistadigital.com\/index.php?rest_route=%2Fwp%2Fv2%2Fmedia&parent=30309"}],"wp:term":[{"taxonomy":"category","embeddable":true,"href":"https:\/\/elcronistadigital.com\/index.php?rest_route=%2Fwp%2Fv2%2Fcategories&post=30309"},{"taxonomy":"post_tag","embeddable":true,"href":"https:\/\/elcronistadigital.com\/index.php?rest_route=%2Fwp%2Fv2%2Ftags&post=30309"}],"curies":[{"name":"wp","href":"https:\/\/api.w.org\/{rel}","templated":true}]}}