{"id":30373,"date":"2014-03-26T11:32:38","date_gmt":"2014-03-26T17:32:38","guid":{"rendered":"http:\/\/elcronistadigital.com\/?p=30373"},"modified":"2014-03-26T11:32:38","modified_gmt":"2014-03-26T17:32:38","slug":"2014-la-agenda-internacional","status":"publish","type":"post","link":"https:\/\/elcronistadigital.com\/?p=30373","title":{"rendered":"2014: La agenda internacional"},"content":{"rendered":"<div id=\"attachment_29917\" style=\"width: 210px\" class=\"wp-caption alignleft\"><a href=\"https:\/\/elcronistadigital.com\/?attachment_id=29917\" rel=\"attachment wp-att-29917\"><img loading=\"lazy\" decoding=\"async\" aria-describedby=\"caption-attachment-29917\" class=\"size-medium wp-image-29917\" alt=\"Rub\u00e9n Aguilar Valenzuela.\" src=\"https:\/\/elcronistadigital.com\/wp-content\/uploads\/2014\/03\/Rub\u00e9n-Aguilar-Valenzuela2-200x300.jpg\" width=\"200\" height=\"300\" srcset=\"https:\/\/elcronistadigital.com\/wp-content\/uploads\/2014\/03\/Rub\u00e9n-Aguilar-Valenzuela2-200x300.jpg 200w, https:\/\/elcronistadigital.com\/wp-content\/uploads\/2014\/03\/Rub\u00e9n-Aguilar-Valenzuela2.jpg 299w\" sizes=\"auto, (max-width: 200px) 100vw, 200px\" \/><\/a><p id=\"caption-attachment-29917\" class=\"wp-caption-text\">Rub\u00e9n Aguilar Valenzuela.<\/p><\/div>\n<p>Rub\u00e9n Aguilar Valenzuela<\/p>\n<p>Una caracter\u00edstica del gobierno del presidente Enrique Pe\u00f1a Nieto es la importancia que da a la agenda internacional que se propone, entre otras cosas, \u201creposicionar\u201d la imagen del pa\u00eds en el mundo. En el 2014, el presidente tiene programadas 14 giras internacionales, que incluyen la visita a 16 pa\u00edses, y recibir en M\u00e9xico a 14 jefes de Estado, sin contar la treintena que vendr\u00e1 en noviembre a la XXIV Cumbre Iberoamericana, que se celebra en Veracruz.<\/p>\n<p>En enero visit\u00f3 Suiza, para estar presente en el Foro Econ\u00f3mico Mundial en Davos. En el mismo mes estuvo en Cuba, en la II Cumbre de la CELAC, y se reuni\u00f3 con Fidel y Ra\u00fal Castro. En febrero viaj\u00f3 a Colombia, para asistir a la VIII Cumbre de la Alianza del Pac\u00edfico donde se encontr\u00f3 con los presidentes de Colombia, Chile y Per\u00fa. En marzo, hizo visita oficial al Ecuador y vio al presidente Rafael Correa y en Chile, asisti\u00f3 a la toma de posesi\u00f3n de la presidenta Michelle Bachelet.<\/p>\n<p>La agenda contempla visitar el dos de abril Honduras y a finales del mismo mes California, para reunirse con el gobernador y migrantes mexicanos, y en agosto estar en Texas con el mismo prop\u00f3sito. En junio, la actividad ser\u00e1 muy intensa y se prev\u00e9 visite Espa\u00f1a, Alemania y Canad\u00e1. En ese mismo mes se espera asista, por primera vez, a la Asamblea General de la Naciones Unidas (ONU).<\/p>\n<p>El presidente va a China de vista oficial en octubre y tambi\u00e9n participa en la reuni\u00f3n del APEC. En esa misma gira asiste en Australia a la reuni\u00f3n del G-20.<\/p>\n<p>La visita a los Emiratos \u00c1rabes Unidos (EAU) y Arabia Saudita est\u00e1 programada para diciembre. Se tiene previsto vaya a la toma de posesi\u00f3n de los nuevos presidentes de Costa Rica, El Salvador y Colombia.<\/p>\n<p>En enero estuvo de visita en M\u00e9xico Enrico Letta, primer ministro de Italia. En febrero hubo visitas oficiales del presidente de Estados Unidos, Barack Obama, y el primer ministro de Canad\u00e1, Stephen Harper, que tambi\u00e9n asistieron a la Cumbre de Am\u00e9rica del Norte, que se celebr\u00f3 en Toluca. En este mismo mes, estuvo de visita oficial el rey de Jordania, Abdullah II.<\/p>\n<p>El presidente de Panam\u00e1, Ricardo Martinelli, visit\u00f3 M\u00e9xico el 25 y 26 de marzo, y se espera lo haga el presidente Ollanta Humala, de Per\u00fa, en abril. Ese mismo mes se espera a los presidentes Francois Hollande, de Francia; Goodluck Ebele Azikiew, de Nigeria; Abdullah G\u00fcl, de Turqu\u00eda y Benjam\u00edn Netanyahu, primer ministro de Israel. La presidenta de Brasil, Dilma Rousseff, viene en mayo; el primer ministro de Jap\u00f3n, Shinzo Abe, en julio y en agosto los presidentes de Costa Rica y El Salvador.<\/p>\n<p>La pol\u00edtica exterior del gobierno se propone que M\u00e9xico tenga una mayor presencia en el mundo, con una estrategia que se sostiene en visitas del presidente al exterior y la invitaci\u00f3n para que mandatarios de otros pa\u00edses se hagan presentes en M\u00e9xico. Eso, en el marco de la diplomacia implementada por los anteriores gobiernos pri\u00edstas, que implica, entre otras cosas, no entrar nunca en tensi\u00f3n con ning\u00fan pa\u00eds.<\/p>\n<p>Las giras internacionales del presidente y las que hacen mandatarios de otros pa\u00edses a M\u00e9xico no tienen mayor repercusi\u00f3n en la prensa y menos en las grandes mayor\u00edas de la poblaci\u00f3n.<\/p>\n","protected":false},"excerpt":{"rendered":"<p>Rub\u00e9n Aguilar Valenzuela Una caracter\u00edstica del gobierno del presidente Enrique Pe\u00f1a Nieto es la importancia que da a la agenda internacional que se propone, entre otras cosas, \u201creposicionar\u201d la imagen del pa\u00eds en el mundo. En el 2014, el presidente tiene programadas 14 giras internacionales, que incluyen la visita a 16 pa\u00edses, y recibir en [&hellip;]<\/p>\n","protected":false},"author":1,"featured_media":29751,"comment_status":"open","ping_status":"open","sticky":false,"template":"","format":"standard","meta":{"om_disable_all_campaigns":false,"_monsterinsights_skip_tracking":false,"_monsterinsights_sitenote_active":false,"_monsterinsights_sitenote_note":"","_monsterinsights_sitenote_category":0,"footnotes":""},"categories":[12],"tags":[],"class_list":["post-30373","post","type-post","status-publish","format-standard","has-post-thumbnail","hentry","category-blugs"],"aioseo_notices":[],"_links":{"self":[{"href":"https:\/\/elcronistadigital.com\/index.php?rest_route=\/wp\/v2\/posts\/30373","targetHints":{"allow":["GET"]}}],"collection":[{"href":"https:\/\/elcronistadigital.com\/index.php?rest_route=\/wp\/v2\/posts"}],"about":[{"href":"https:\/\/elcronistadigital.com\/index.php?rest_route=\/wp\/v2\/types\/post"}],"author":[{"embeddable":true,"href":"https:\/\/elcronistadigital.com\/index.php?rest_route=\/wp\/v2\/users\/1"}],"replies":[{"embeddable":true,"href":"https:\/\/elcronistadigital.com\/index.php?rest_route=%2Fwp%2Fv2%2Fcomments&post=30373"}],"version-history":[{"count":1,"href":"https:\/\/elcronistadigital.com\/index.php?rest_route=\/wp\/v2\/posts\/30373\/revisions"}],"predecessor-version":[{"id":30374,"href":"https:\/\/elcronistadigital.com\/index.php?rest_route=\/wp\/v2\/posts\/30373\/revisions\/30374"}],"wp:featuredmedia":[{"embeddable":true,"href":"https:\/\/elcronistadigital.com\/index.php?rest_route=\/wp\/v2\/media\/29751"}],"wp:attachment":[{"href":"https:\/\/elcronistadigital.com\/index.php?rest_route=%2Fwp%2Fv2%2Fmedia&parent=30373"}],"wp:term":[{"taxonomy":"category","embeddable":true,"href":"https:\/\/elcronistadigital.com\/index.php?rest_route=%2Fwp%2Fv2%2Fcategories&post=30373"},{"taxonomy":"post_tag","embeddable":true,"href":"https:\/\/elcronistadigital.com\/index.php?rest_route=%2Fwp%2Fv2%2Ftags&post=30373"}],"curies":[{"name":"wp","href":"https:\/\/api.w.org\/{rel}","templated":true}]}}