{"id":30474,"date":"2014-03-30T08:53:22","date_gmt":"2014-03-30T14:53:22","guid":{"rendered":"http:\/\/elcronistadigital.com\/?p=30474"},"modified":"2014-03-30T08:53:22","modified_gmt":"2014-03-30T14:53:22","slug":"nicas-entre-migrantes-detenidos-en-mexico","status":"publish","type":"post","link":"https:\/\/elcronistadigital.com\/?p=30474","title":{"rendered":"Nicas entre migrantes detenidos en M\u00e9xico"},"content":{"rendered":"<p><a href=\"https:\/\/elcronistadigital.com\/?attachment_id=30475\" rel=\"attachment wp-att-30475\"><img loading=\"lazy\" decoding=\"async\" class=\"alignleft size-medium wp-image-30475\" alt=\"inmigrantes-mexico\" src=\"https:\/\/elcronistadigital.com\/wp-content\/uploads\/2014\/03\/inmigrantes-mexico-300x206.jpg\" width=\"300\" height=\"206\" srcset=\"https:\/\/elcronistadigital.com\/wp-content\/uploads\/2014\/03\/inmigrantes-mexico-300x206.jpg 300w, https:\/\/elcronistadigital.com\/wp-content\/uploads\/2014\/03\/inmigrantes-mexico-342x234.jpg 342w, https:\/\/elcronistadigital.com\/wp-content\/uploads\/2014\/03\/inmigrantes-mexico.jpg 600w\" sizes=\"auto, (max-width: 300px) 100vw, 300px\" \/><\/a>* 1,895 indocumentados apresados en siete d\u00edas, entre ellos de Colombia, Honduras, Guatemala, El Salvador, Ecuador, Cuba, Somalia, Siria, Rep\u00fablica Dominicana, Belice y Jap\u00f3n<\/p>\n<p>Las autoridades mexicanas interceptaron a 1.895 extranjeros indocumentados, entre ellos 370 menores de edad, en diversas operaciones efectuadas en 14 estados entre el 17 y el 24 de marzo, inform\u00f3 hoy el Instituto Nacional de Migraci\u00f3n (INM).<\/p>\n<p>Los inmigrantes interceptados son originarios de Colombia, Honduras, Guatemala, El Salvador, Ecuador, Cuba, Nicaragua, Somalia, Siria, Rep\u00fablica Dominicana, Belice y Jap\u00f3n.<\/p>\n<p>La dependencia precis\u00f3 en un comunicado que del total de inmigrantes, 1.254 son hombres, 271 mujeres y 370 menores, de los cuales 163 fueron abandonados por presuntos narcotraficantes pues ninguno viajaba acompa\u00f1ado de alg\u00fan familiar o conocido, indic\u00f3 Efe.<\/p>\n<p>Los menores rescatados informaron a los agentes migratorios que sus presuntos \u00abgu\u00edas\u00bb los dejaron solos despu\u00e9s de que se les pagaron entre 3.000 y 5.000 d\u00f3lares.<\/p>\n<p>\u00abLa mayor\u00eda de los menores de edad, presentaban signos de fatiga extrema, lesiones en los pies, deshidrataci\u00f3n, y desorientaci\u00f3n por no conocer el lugar donde fueron abandonados\u00bb, indic\u00f3 el INM.<\/p>\n<p>A\u00f1adi\u00f3 que de nueve menores de entre 9 y 14 a\u00f1os que viajaban solos fueron localizados en la sierra del estado de Veracruz, \u00aben parajes de dif\u00edcil acceso para transitar debido a la maleza y lo escarpado del lugar\u00bb.<\/p>\n<p>El Instituto indic\u00f3 que en algunos casos, los agentes federales lograron detener a nueve presuntos traficantes de personas que trasladaban a los ni\u00f1os y ni\u00f1as a Estados Unidos.<\/p>\n","protected":false},"excerpt":{"rendered":"<p>* 1,895 indocumentados apresados en siete d\u00edas, entre ellos de Colombia, Honduras, Guatemala, El Salvador, Ecuador, Cuba, Somalia, Siria, Rep\u00fablica Dominicana, Belice y Jap\u00f3n Las autoridades mexicanas interceptaron a 1.895 extranjeros indocumentados, entre ellos 370 menores de edad, en diversas operaciones efectuadas en 14 estados entre el 17 y el 24 de marzo, inform\u00f3 hoy [&hellip;]<\/p>\n","protected":false},"author":1,"featured_media":30475,"comment_status":"open","ping_status":"open","sticky":false,"template":"","format":"standard","meta":{"om_disable_all_campaigns":false,"_monsterinsights_skip_tracking":false,"_monsterinsights_sitenote_active":false,"_monsterinsights_sitenote_note":"","_monsterinsights_sitenote_category":0,"footnotes":""},"categories":[16,3524],"tags":[],"class_list":["post-30474","post","type-post","status-publish","format-standard","has-post-thumbnail","hentry","category-migrante","category-noticas"],"aioseo_notices":[],"_links":{"self":[{"href":"https:\/\/elcronistadigital.com\/index.php?rest_route=\/wp\/v2\/posts\/30474","targetHints":{"allow":["GET"]}}],"collection":[{"href":"https:\/\/elcronistadigital.com\/index.php?rest_route=\/wp\/v2\/posts"}],"about":[{"href":"https:\/\/elcronistadigital.com\/index.php?rest_route=\/wp\/v2\/types\/post"}],"author":[{"embeddable":true,"href":"https:\/\/elcronistadigital.com\/index.php?rest_route=\/wp\/v2\/users\/1"}],"replies":[{"embeddable":true,"href":"https:\/\/elcronistadigital.com\/index.php?rest_route=%2Fwp%2Fv2%2Fcomments&post=30474"}],"version-history":[{"count":1,"href":"https:\/\/elcronistadigital.com\/index.php?rest_route=\/wp\/v2\/posts\/30474\/revisions"}],"predecessor-version":[{"id":30476,"href":"https:\/\/elcronistadigital.com\/index.php?rest_route=\/wp\/v2\/posts\/30474\/revisions\/30476"}],"wp:featuredmedia":[{"embeddable":true,"href":"https:\/\/elcronistadigital.com\/index.php?rest_route=\/wp\/v2\/media\/30475"}],"wp:attachment":[{"href":"https:\/\/elcronistadigital.com\/index.php?rest_route=%2Fwp%2Fv2%2Fmedia&parent=30474"}],"wp:term":[{"taxonomy":"category","embeddable":true,"href":"https:\/\/elcronistadigital.com\/index.php?rest_route=%2Fwp%2Fv2%2Fcategories&post=30474"},{"taxonomy":"post_tag","embeddable":true,"href":"https:\/\/elcronistadigital.com\/index.php?rest_route=%2Fwp%2Fv2%2Ftags&post=30474"}],"curies":[{"name":"wp","href":"https:\/\/api.w.org\/{rel}","templated":true}]}}