{"id":30480,"date":"2014-03-31T11:58:10","date_gmt":"2014-03-31T17:58:10","guid":{"rendered":"http:\/\/elcronistadigital.com\/?p=30480"},"modified":"2014-03-31T11:58:10","modified_gmt":"2014-03-31T17:58:10","slug":"418-anos-de-rene-descartes","status":"publish","type":"post","link":"https:\/\/elcronistadigital.com\/?p=30480","title":{"rendered":"418 a\u00f1os de Ren\u00e9 Descartes"},"content":{"rendered":"<div id=\"attachment_30481\" style=\"width: 251px\" class=\"wp-caption alignleft\"><a href=\"https:\/\/elcronistadigital.com\/?attachment_id=30481\" rel=\"attachment wp-att-30481\"><img loading=\"lazy\" decoding=\"async\" aria-describedby=\"caption-attachment-30481\" class=\"size-medium wp-image-30481\" alt=\"Dr. Vicente Maltez Montiel.\" src=\"https:\/\/elcronistadigital.com\/wp-content\/uploads\/2014\/03\/Dr.-Vicente-Maltez-Montiel-1-241x300.jpg\" width=\"241\" height=\"300\" srcset=\"https:\/\/elcronistadigital.com\/wp-content\/uploads\/2014\/03\/Dr.-Vicente-Maltez-Montiel-1-241x300.jpg 241w, https:\/\/elcronistadigital.com\/wp-content\/uploads\/2014\/03\/Dr.-Vicente-Maltez-Montiel-1.jpg 300w\" sizes=\"auto, (max-width: 241px) 100vw, 241px\" \/><\/a><p id=\"caption-attachment-30481\" class=\"wp-caption-text\">Dr. Vicente Maltez Montiel.<\/p><\/div>\n<p>Dr. Vicente Maltez Montiel (*)<\/p>\n<p>\u2022 \u00bfQu\u00e9 hay de cierto en la frase pienso, luego existo?<br \/>\n\u2022 \u00bfQu\u00e9 es lo primero: el pensamiento o la existencia material?<br \/>\n\u2022 Un idealista con una doctrina de la naturaleza materialista en su base, precedente necesario en la concepci\u00f3n materialista del mundo<\/p>\n<p>Un d\u00eda como hoy 31 de marzo, pero de hace 418 a\u00f1os, naci\u00f3 en Francia el gran filosofo, f\u00edsico y matem\u00e1tico Ren\u00e9 Descartes, considerado el padre de la geometr\u00eda anal\u00edtica y de la filosof\u00eda moderna, as\u00ed como uno de los titanes del pensamiento cient\u00edfico.<\/p>\n<p>Muy conocido por su famosa frase \u201cPienso, luego existo\u201d (cogito ergo sum), que representa el racionalismo occidental, expuso su m\u00e9todo filos\u00f3fico, entre otras obras, en \u201cReglas para la direcci\u00f3n de la mente\u201d (1625) y \u201cDiscurso del m\u00e9todo\u201d (1637), rompiendo con la escol\u00e1stica que se ense\u00f1aba por esos d\u00edas.<\/p>\n<p>La escol\u00e1stica proviene del griego \u201cscholasticos\u201d y es la filosof\u00eda escolar medieval que procuraba fundamentar y llevar a un plano racional la doctrina cristiana, adaptando las ideas de Plat\u00f3n, Arist\u00f3teles y otros.<\/p>\n<p>Al introducir la duda met\u00f3dica frente a las \u201cverdades recibidas\u201d y abordar los problemas del conocimiento para llegar al fondo de la moral, medicina y la mec\u00e1nica, conmocion\u00f3 el pensamiento filos\u00f3fico de la \u00e9poca y su influencia se reconoce hasta la fecha.<br \/>\nLos fil\u00f3sofos de su tiempo y posteriores estudiaron sus aportes: Pascal, Spinoza, Newton, Leibniz, Locke, Hume, Kant y hasta los fundadores del marxismo que lo cuestionaron.<\/p>\n<p>Desde el punto de vista del desarrollo de la ciencia, Descartes impuls\u00f3 la revoluci\u00f3n renacentista (Renacimiento) de cr\u00edtica a la filosof\u00eda aristot\u00e9lica, el heliocentrismo de Cop\u00e9rnico, el atomismo y otras corrientes.<\/p>\n<p>El diccionario ce Filosof\u00eda de Razinkov describe el aporte de Descartes de la siguiente manera: \u201cLa filosof\u00eda de Descartes est\u00e1 enlazada con sus matem\u00e1ticas, cosmogon\u00eda y f\u00edsica. En matem\u00e1ticas es uno de los autores de la geometr\u00eda anal\u00edtica. En mec\u00e1nica hizo constar la relatividad del movimiento y el reposo y formul\u00f3 la ley general de la acci\u00f3n y reacci\u00f3n\u201d.<\/p>\n<p>\u201cEn cosmogon\u00eda desarroll\u00f3 la idea nueva para la ciencia sobre el desarrollo natural del sistema solar y que el movimiento en forma de torbellino de las part\u00edculas c\u00f3smicas era el modo principal de movimiento que determinaba la estructura del mundo y el origen de los cuerpos celestes\u201d.<\/p>\n<p>La frase \u201cpienso, luego existo\u201d que identifica al pensamiento cartesiano fue cuestionada, inicialmente por ser acusada de supuesto plagio, pues hab\u00eda otros escritores de poco impacto que la hab\u00edan mencionado o propuesto con anterioridad a \u00e9l.<\/p>\n<p>Pero donde encuentra mayor cuestionamiento es desde las posiciones del materialismo dial\u00e9ctico, ya que Descartes nos dice a trav\u00e9s de su precepto que despu\u00e9s de pensar existe la materia, y no antes. El materialismo dial\u00e9ctico se\u00f1ala que la materia existe independientemente de nuestra voluntad, de nuestras sensaciones y percepciones.<\/p>\n<p>Sin embargo, tambi\u00e9n se reconoce (Razinkov) que Descartes en \u201cla doctrina de la naturaleza, materialista en su base, la teor\u00eda del desarrollo de la naturaleza, la fisiolog\u00eda materialista y el m\u00e9todo mecanicista, hostil a la teolog\u00eda, determinaron la influencia de Ren\u00e9 Descartes sobre la formaci\u00f3n de la concepci\u00f3n materialista del mundo de los tiempos nuevos\u201d.<\/p>\n<p>Por tanto, puedo existir sin pensar. Ah\u00ed tenemos los animales inferiores que el ilustre franc\u00e9s les llamaba \u201cm\u00e1quinas\u201d. \u00bfY c\u00f3mo catalogar a un beb\u00e9 que nace an\u00e9ncef\u00e1lico (sin cerebro) o con graves alteraciones cerebrales y que es incapaz de pensar, por esta raz\u00f3n de que no puede pensar, vamos a decir que no existe?<\/p>\n<p>Un enfoque \u201cintermedio\u201d del v\u00ednculo de la existencia con la realidad nos lo va a dar Ortega y Gasset a\u00f1os posteriores, cuando dice: \u201cyo soy yo y mis circunstancias\u201d. Muy bien por reconocer que la existencia va ligada a la realidad material circundante, pero el \u201cyo\u201d que va adelante coquetea con el enfoque cartesiano, pues muy a pesar de lo que queramos, siempre ser\u00e1 primero el mundo material que te rodea.<\/p>\n<p>Descartes fue desde el punto filos\u00f3fico un idealista que aterriz\u00f3 en aspectos materiales al trabajar en f\u00edsica, matem\u00e1ticas y mec\u00e1nica, leg\u00e1ndonos valiosos aportes del funcionamiento de la Tierra y el Universo de cada d\u00eda: coordenadas cartesianas, plano cartesiano, geometr\u00eda anal\u00edtica, etc.<\/p>\n<p>Tuvo temor de la inquisici\u00f3n y de la persecuci\u00f3n conservadora, por lo cual parte de sus obras se publicaron despu\u00e9s de su muerte y se fue a vivir a Holanda, para despu\u00e9s pasar a Estocolmo, Suecia, en 1649, por invitaci\u00f3n de la Reina Cristina y en donde seis meses despu\u00e9s (a\u00f1o 1650) muere en circunstancias no definidas.<\/p>\n<p>Se ten\u00eda por un hecho que una neumon\u00eda fue la causa de la muerte, pero recientes documentos, entre ellos una carta secreta de un m\u00e9dico de la corte que le atendi\u00f3 en su lecho de muerte, se\u00f1alan la posibilidad de que fuera envenenado con ars\u00e9nico, l\u00f3gicamente por mano criminal y como resultado de intrigas palaciegas.<\/p>\n<p>Recordemos a este gigante del pensamiento de la humanidad y no se olvide de una de sus m\u00e1s famosas frases: \u201cDos cosas contribuyen a avanzar: ir m\u00e1s de prisa que los otros o ir por el buen camino\u201d. \u00bfQu\u00e9 m\u00e9todo o m\u00e9todos ha escogido usted amable lector o lectora? \u00a1Que tenga larga vida y prosperidad!<\/p>\n<p>*Especialista en medicina interna, qu\u00edmico-farmac\u00e9utica, y comunicador social. Autor del libro \u201cLarga vida y prosperidad, consejos de salud\u201d.<br \/>\nCl\u00ednica m\u00e9dica calle principal de Altamira # 437, Managua, frente a la CECA. Tel\u00e9f. 2278 0830 y 22670251.<br \/>\nmaltezvic@hotmail.com<\/p>\n","protected":false},"excerpt":{"rendered":"<p>Dr. Vicente Maltez Montiel (*) \u2022 \u00bfQu\u00e9 hay de cierto en la frase pienso, luego existo? \u2022 \u00bfQu\u00e9 es lo primero: el pensamiento o la existencia material? \u2022 Un idealista con una doctrina de la naturaleza materialista en su base, precedente necesario en la concepci\u00f3n materialista del mundo Un d\u00eda como hoy 31 de marzo, [&hellip;]<\/p>\n","protected":false},"author":1,"featured_media":30481,"comment_status":"open","ping_status":"open","sticky":false,"template":"","format":"standard","meta":{"om_disable_all_campaigns":false,"_monsterinsights_skip_tracking":false,"_monsterinsights_sitenote_active":false,"_monsterinsights_sitenote_note":"","_monsterinsights_sitenote_category":0,"footnotes":""},"categories":[3,12],"tags":[],"class_list":["post-30480","post","type-post","status-publish","format-standard","has-post-thumbnail","hentry","category-nacionales","category-blugs"],"aioseo_notices":[],"_links":{"self":[{"href":"https:\/\/elcronistadigital.com\/index.php?rest_route=\/wp\/v2\/posts\/30480","targetHints":{"allow":["GET"]}}],"collection":[{"href":"https:\/\/elcronistadigital.com\/index.php?rest_route=\/wp\/v2\/posts"}],"about":[{"href":"https:\/\/elcronistadigital.com\/index.php?rest_route=\/wp\/v2\/types\/post"}],"author":[{"embeddable":true,"href":"https:\/\/elcronistadigital.com\/index.php?rest_route=\/wp\/v2\/users\/1"}],"replies":[{"embeddable":true,"href":"https:\/\/elcronistadigital.com\/index.php?rest_route=%2Fwp%2Fv2%2Fcomments&post=30480"}],"version-history":[{"count":1,"href":"https:\/\/elcronistadigital.com\/index.php?rest_route=\/wp\/v2\/posts\/30480\/revisions"}],"predecessor-version":[{"id":30482,"href":"https:\/\/elcronistadigital.com\/index.php?rest_route=\/wp\/v2\/posts\/30480\/revisions\/30482"}],"wp:featuredmedia":[{"embeddable":true,"href":"https:\/\/elcronistadigital.com\/index.php?rest_route=\/wp\/v2\/media\/30481"}],"wp:attachment":[{"href":"https:\/\/elcronistadigital.com\/index.php?rest_route=%2Fwp%2Fv2%2Fmedia&parent=30480"}],"wp:term":[{"taxonomy":"category","embeddable":true,"href":"https:\/\/elcronistadigital.com\/index.php?rest_route=%2Fwp%2Fv2%2Fcategories&post=30480"},{"taxonomy":"post_tag","embeddable":true,"href":"https:\/\/elcronistadigital.com\/index.php?rest_route=%2Fwp%2Fv2%2Ftags&post=30480"}],"curies":[{"name":"wp","href":"https:\/\/api.w.org\/{rel}","templated":true}]}}