{"id":31188,"date":"2014-04-22T10:36:31","date_gmt":"2014-04-22T16:36:31","guid":{"rendered":"http:\/\/elcronistadigital.com\/?p=31188"},"modified":"2014-04-22T10:36:31","modified_gmt":"2014-04-22T16:36:31","slug":"asesinato-de-ecologistas","status":"publish","type":"post","link":"https:\/\/elcronistadigital.com\/?p=31188","title":{"rendered":"Asesinato de ecologistas"},"content":{"rendered":"<div id=\"attachment_31189\" style=\"width: 210px\" class=\"wp-caption alignleft\"><a href=\"https:\/\/elcronistadigital.com\/?attachment_id=31189\" rel=\"attachment wp-att-31189\"><img loading=\"lazy\" decoding=\"async\" aria-describedby=\"caption-attachment-31189\" class=\"size-medium wp-image-31189\" alt=\"Rub\u00e9n Aguilar Valenzuela.\" src=\"https:\/\/elcronistadigital.com\/wp-content\/uploads\/2014\/04\/Rub\u00e9n-Aguilar-Valenzuela1-200x300.jpg\" width=\"200\" height=\"300\" srcset=\"https:\/\/elcronistadigital.com\/wp-content\/uploads\/2014\/04\/Rub\u00e9n-Aguilar-Valenzuela1-200x300.jpg 200w, https:\/\/elcronistadigital.com\/wp-content\/uploads\/2014\/04\/Rub\u00e9n-Aguilar-Valenzuela1.jpg 299w\" sizes=\"auto, (max-width: 200px) 100vw, 200px\" \/><\/a><p id=\"caption-attachment-31189\" class=\"wp-caption-text\">Rub\u00e9n Aguilar Valenzuela.<\/p><\/div>\n<p>Rub\u00e9n Aguilar Valenzuela<\/p>\n<p>En la \u00faltima d\u00e9cada han sido asesinados 908 ecologistas en 35 pa\u00edses, 448 de los cuales se registraron en Brasil. Del total s\u00f3lo han sido juzgados y condenados 10 de los autores. La impunidad de los criminales en los distintos pa\u00edses estudiados es total.<\/p>\n<p>En Brasil ocurri\u00f3 la mitad de los asesinatos de ecologistas en el mundo de 2002 a 2013, seg\u00fan la organizaci\u00f3n internacional de la sociedad civil Global Witness, citada por El Pa\u00eds.<\/p>\n<p>Del total de los 908 asesinatos en 35 pa\u00edses, 448 sucedieron en Brasil. Los otros pa\u00edses que tienen el mayor n\u00famero de este tipo de cr\u00edmenes son Honduras con 109 y Filipinas con 67.<\/p>\n<p>En Am\u00e9rica Latina despu\u00e9s de Brasil y Honduras est\u00e1n Per\u00fa con 58; Colombia con 52; M\u00e9xico con 40 y Paraguay con 10. En Asia, despu\u00e9s de Filipinas est\u00e1n Tailandia con 16 y Camboya con 13.<\/p>\n<p>El n\u00famero anual de asesinatos de los ecologistas ronda en los 75.6 en los \u00faltimos 12 a\u00f1os. El a\u00f1o m\u00e1s bajo ha sido el 2008 con 40 y el m\u00e1s alto el 2012 con 147.<\/p>\n<p>La organizaci\u00f3n sostiene que los cr\u00edmenes son mucho m\u00e1s, pero que es imposible hacerse de la informaci\u00f3n de buena parte de los pa\u00edses africanos.<\/p>\n<p>De los 908 asesinatos se tiene el dato que s\u00f3lo han sido juzgados y condenados 10 de los autores. La impunidad de los criminales en los distintos pa\u00edses estudiados es total.<\/p>\n<p>Los asesinatos de los ecologistas pasan pr\u00e1cticamente desapercibidos en el mundo y los victimarios o los que los contratan se salen con la suya, asegura Global Witness.<\/p>\n<p>La Relatora Especial de la ONU sobre la situaci\u00f3n de los defensores de los derechos humanos, Margaret Sekaggya, asegura que la mayor\u00eda de los asesinatos de quienes defiende los recursos naturales pertenecen a comunidades ind\u00edgenas o minor\u00edas y que estos grupos son los m\u00e1s vulnerables porque est\u00e1n en \u00e1reas remotas.<\/p>\n<p>Los autores del informe sostienen que los asesinatos son la situaci\u00f3n extrema, pero a eso hay que a\u00f1adir las amenazas, las intimidaciones, la violencia y la criminalizaci\u00f3n de la protesta.<\/p>\n<p>La deforestaci\u00f3n de la Amazonia, en particular la brasile\u00f1a, es el punto m\u00e1s conflictivo y donde ocurren, como ya se dijo, la mayor parte de los asesinatos de los defensores del medio ambiente en el mundo.<\/p>\n<p>En esa regi\u00f3n de 2008 a 20012 se redujo el \u00e1rea deforestada, pero en 2013 la deforestaci\u00f3n creci\u00f3 en 28 por ciento y con ello el n\u00famero de los defensores de la naturaleza asesinados, seg\u00fan Global Witness.<\/p>\n","protected":false},"excerpt":{"rendered":"<p>Rub\u00e9n Aguilar Valenzuela En la \u00faltima d\u00e9cada han sido asesinados 908 ecologistas en 35 pa\u00edses, 448 de los cuales se registraron en Brasil. Del total s\u00f3lo han sido juzgados y condenados 10 de los autores. La impunidad de los criminales en los distintos pa\u00edses estudiados es total. En Brasil ocurri\u00f3 la mitad de los asesinatos [&hellip;]<\/p>\n","protected":false},"author":1,"featured_media":31189,"comment_status":"open","ping_status":"open","sticky":false,"template":"","format":"standard","meta":{"om_disable_all_campaigns":false,"_monsterinsights_skip_tracking":false,"_monsterinsights_sitenote_active":false,"_monsterinsights_sitenote_note":"","_monsterinsights_sitenote_category":0,"footnotes":""},"categories":[12],"tags":[],"class_list":["post-31188","post","type-post","status-publish","format-standard","has-post-thumbnail","hentry","category-blugs"],"aioseo_notices":[],"_links":{"self":[{"href":"https:\/\/elcronistadigital.com\/index.php?rest_route=\/wp\/v2\/posts\/31188","targetHints":{"allow":["GET"]}}],"collection":[{"href":"https:\/\/elcronistadigital.com\/index.php?rest_route=\/wp\/v2\/posts"}],"about":[{"href":"https:\/\/elcronistadigital.com\/index.php?rest_route=\/wp\/v2\/types\/post"}],"author":[{"embeddable":true,"href":"https:\/\/elcronistadigital.com\/index.php?rest_route=\/wp\/v2\/users\/1"}],"replies":[{"embeddable":true,"href":"https:\/\/elcronistadigital.com\/index.php?rest_route=%2Fwp%2Fv2%2Fcomments&post=31188"}],"version-history":[{"count":1,"href":"https:\/\/elcronistadigital.com\/index.php?rest_route=\/wp\/v2\/posts\/31188\/revisions"}],"predecessor-version":[{"id":31190,"href":"https:\/\/elcronistadigital.com\/index.php?rest_route=\/wp\/v2\/posts\/31188\/revisions\/31190"}],"wp:featuredmedia":[{"embeddable":true,"href":"https:\/\/elcronistadigital.com\/index.php?rest_route=\/wp\/v2\/media\/31189"}],"wp:attachment":[{"href":"https:\/\/elcronistadigital.com\/index.php?rest_route=%2Fwp%2Fv2%2Fmedia&parent=31188"}],"wp:term":[{"taxonomy":"category","embeddable":true,"href":"https:\/\/elcronistadigital.com\/index.php?rest_route=%2Fwp%2Fv2%2Fcategories&post=31188"},{"taxonomy":"post_tag","embeddable":true,"href":"https:\/\/elcronistadigital.com\/index.php?rest_route=%2Fwp%2Fv2%2Ftags&post=31188"}],"curies":[{"name":"wp","href":"https:\/\/api.w.org\/{rel}","templated":true}]}}