{"id":31249,"date":"2014-04-23T17:28:25","date_gmt":"2014-04-23T23:28:25","guid":{"rendered":"http:\/\/elcronistadigital.com\/?p=31249"},"modified":"2014-04-23T17:28:25","modified_gmt":"2014-04-23T23:28:25","slug":"costa-rica-nicaragua-la-oportunidad-perdida","status":"publish","type":"post","link":"https:\/\/elcronistadigital.com\/?p=31249","title":{"rendered":"Costa Rica-Nicaragua: La oportunidad perdida"},"content":{"rendered":"<p><a href=\"https:\/\/elcronistadigital.com\/?attachment_id=31250\" rel=\"attachment wp-att-31250\"><img loading=\"lazy\" decoding=\"async\" class=\"alignleft size-full wp-image-31250\" alt=\"banderas nica y tica\" src=\"https:\/\/elcronistadigital.com\/wp-content\/uploads\/2014\/04\/banderas-nica-y-tica.jpg\" width=\"250\" height=\"200\" \/><\/a>*Los gobernantes deben tener presente que un porcentaje demasiado grande de sus pueblos no sacia su hambre comiendo soberan\u00eda sino solamente arroz y frijoles.<\/p>\n<p>Editorial de CentralAmericaData.com<\/p>\n<p>Es indudable que cualquier gesto de acercamiento con el gobierno del Presidente Ortega conllevar\u00eda costos pol\u00edticos para Luis Guillermo Sol\u00eds, pr\u00f3ximo presidente de Costa Rica. Pero es claro que era \u00e9ste &#8211; el inicio de su gesti\u00f3n- el mejor momento para hacer ese gesto, propiciando el alivio de la tensi\u00f3n por el litigio fronterizo en la zona caribe\u00f1a.<\/p>\n<p>Pero Sol\u00eds hizo todo lo contrario. La exclusi\u00f3n de Nicaragua de su gira para invitar en forma personal a los mandatarios centroamericanos a la toma de posesi\u00f3n de la presidencia de Costa Rica, es un mensaje agresivo que no contribuye en nada a la soluci\u00f3n de un problema, que m\u00e1s all\u00e1 de quienes tengan las razones m\u00e1s valederas, s\u00f3lo se resolver\u00e1 con valent\u00eda pol\u00edtica y di\u00e1logo franco.<\/p>\n<p>Parece claro que -pese a siempre altisonantes declaraciones de los gobernantes de turno- la integraci\u00f3n centroamericana es una entelequia que solo tiene visos de realidad en el \u00e1mbito empresarial, lo que se demuestra en el intenso comercio intra regional.<\/p>\n<p>Quiz\u00e1s sea hora de que las gremiales empresariales de ambos pa\u00edses se re\u00fanan para -si es viable- formular un plan de desarrollo de la zona en litigio y de toda la frontera com\u00fan. Ser\u00eda la mejor forma de arrinconar a los funcionarios que inflan el pecho hablando de integraci\u00f3n, oblig\u00e1ndolos a actuar en forma acorde a los intereses de sus pueblos, de los que un porcentaje demasiado grande no sacia su hambre comiendo soberan\u00eda sino solamente arroz y frijoles.<\/p>\n","protected":false},"excerpt":{"rendered":"<p>*Los gobernantes deben tener presente que un porcentaje demasiado grande de sus pueblos no sacia su hambre comiendo soberan\u00eda sino solamente arroz y frijoles. Editorial de CentralAmericaData.com Es indudable que cualquier gesto de acercamiento con el gobierno del Presidente Ortega conllevar\u00eda costos pol\u00edticos para Luis Guillermo Sol\u00eds, pr\u00f3ximo presidente de Costa Rica. Pero es claro [&hellip;]<\/p>\n","protected":false},"author":1,"featured_media":31250,"comment_status":"open","ping_status":"open","sticky":false,"template":"","format":"standard","meta":{"om_disable_all_campaigns":false,"_monsterinsights_skip_tracking":false,"_monsterinsights_sitenote_active":false,"_monsterinsights_sitenote_note":"","_monsterinsights_sitenote_category":0,"footnotes":""},"categories":[12],"tags":[],"class_list":["post-31249","post","type-post","status-publish","format-standard","has-post-thumbnail","hentry","category-blugs"],"aioseo_notices":[],"_links":{"self":[{"href":"https:\/\/elcronistadigital.com\/index.php?rest_route=\/wp\/v2\/posts\/31249","targetHints":{"allow":["GET"]}}],"collection":[{"href":"https:\/\/elcronistadigital.com\/index.php?rest_route=\/wp\/v2\/posts"}],"about":[{"href":"https:\/\/elcronistadigital.com\/index.php?rest_route=\/wp\/v2\/types\/post"}],"author":[{"embeddable":true,"href":"https:\/\/elcronistadigital.com\/index.php?rest_route=\/wp\/v2\/users\/1"}],"replies":[{"embeddable":true,"href":"https:\/\/elcronistadigital.com\/index.php?rest_route=%2Fwp%2Fv2%2Fcomments&post=31249"}],"version-history":[{"count":1,"href":"https:\/\/elcronistadigital.com\/index.php?rest_route=\/wp\/v2\/posts\/31249\/revisions"}],"predecessor-version":[{"id":31251,"href":"https:\/\/elcronistadigital.com\/index.php?rest_route=\/wp\/v2\/posts\/31249\/revisions\/31251"}],"wp:featuredmedia":[{"embeddable":true,"href":"https:\/\/elcronistadigital.com\/index.php?rest_route=\/wp\/v2\/media\/31250"}],"wp:attachment":[{"href":"https:\/\/elcronistadigital.com\/index.php?rest_route=%2Fwp%2Fv2%2Fmedia&parent=31249"}],"wp:term":[{"taxonomy":"category","embeddable":true,"href":"https:\/\/elcronistadigital.com\/index.php?rest_route=%2Fwp%2Fv2%2Fcategories&post=31249"},{"taxonomy":"post_tag","embeddable":true,"href":"https:\/\/elcronistadigital.com\/index.php?rest_route=%2Fwp%2Fv2%2Ftags&post=31249"}],"curies":[{"name":"wp","href":"https:\/\/api.w.org\/{rel}","templated":true}]}}