{"id":31458,"date":"2014-04-29T11:06:55","date_gmt":"2014-04-29T17:06:55","guid":{"rendered":"http:\/\/elcronistadigital.com\/?p=31458"},"modified":"2014-04-29T11:06:55","modified_gmt":"2014-04-29T17:06:55","slug":"los-latinos-en-estados-unidos","status":"publish","type":"post","link":"https:\/\/elcronistadigital.com\/?p=31458","title":{"rendered":"Los latinos en Estados Unidos"},"content":{"rendered":"<p><a href=\"https:\/\/elcronistadigital.com\/?attachment_id=31459\" rel=\"attachment wp-att-31459\"><img loading=\"lazy\" decoding=\"async\" class=\"alignleft size-medium wp-image-31459\" alt=\"Rub\u00e9n Aguilar Valenzuela\" src=\"https:\/\/elcronistadigital.com\/wp-content\/uploads\/2014\/04\/Rub\u00e9n-Aguilar-Valenzuela2-200x300.jpg\" width=\"200\" height=\"300\" srcset=\"https:\/\/elcronistadigital.com\/wp-content\/uploads\/2014\/04\/Rub\u00e9n-Aguilar-Valenzuela2-200x300.jpg 200w, https:\/\/elcronistadigital.com\/wp-content\/uploads\/2014\/04\/Rub\u00e9n-Aguilar-Valenzuela2.jpg 299w\" sizes=\"auto, (max-width: 200px) 100vw, 200px\" \/><\/a>Rub\u00e9n Aguilar Valenzuela<\/p>\n<p>En los \u00faltimos a\u00f1os, el n\u00famero de los migrantes que de de M\u00e9xico y Centroam\u00e9rica han ingresado a Estados Unidos ha sido cero. A esta cifra se llega al restar el n\u00famero de los que han ingresado con los que han deportado. En los a\u00f1os del gobierno del presidente Barack Obama ha ocurrido el mayor n\u00famero de deportaciones en la historia de Estados Unidos.<\/p>\n<p>Los latinos llegaban a 6.3 millones en 1960, sumaron 42 millones en 2005 y van a ser 128 millones en 2050. En 1960, los latinos eran el 3.5% de la poblaci\u00f3n; los asi\u00e1ticos el 0.6%; los afroamericanos el 11%, y los blancos el 85%. En 2005, los latinos llegaban al 14%; los asi\u00e1ticos al 5%; los afroamericanos al 13%. y los blancos al 67%. En 2050 los latinos ser\u00e1n el 29%; los asi\u00e1ticos el 9%; los afroamericanos el 13%. y los blancos el 47%, seg\u00fan proyecciones del Centro de Investigaciones Pew.<\/p>\n<p>En 2008, los migrantes latinos estaban ya en todos los estados, de acuerdo al US Census Bureau. Los porcentajes m\u00e1s altos corresponden a los fronterizos con M\u00e9xico. La poblaci\u00f3n latina, la mayor\u00eda mexicana, es de 45.6% en Nuevo M\u00e9xico; 37.0% en California y Texas; 31% en Arizona; 26.5% en Nevada; 21.5% en Florida. y 20.3% en Colorado. El porcentaje de latinos en Nueva York es 17%; Nueva Jersey, 16.7%. y Rhode Island 12%. En Illinois 15.2%; Oregon 11.2%; Washington 10.3%; Utha 12.3%. e Idaho 11%.<\/p>\n<p>Entre 8% y 9% est\u00e1n los estados de Wyoming, Oklahoma. Georgia, Nebraska, Massachusetts, Columbia, Hawaii y Kansas. Del 6% al 7% se ubican Arkansas, Alaska, Maryland, Delaware, Virginia y Carolina del Norte. Entre el 4% y 5% se encuentran Michigan, Tennessee, Minnesota, Carolina del Sur, Iowa, Pennsylvania, Wisconsin e Indiana. Del 1% al 3% est\u00e1n Virginia, Maine, Vermont, Dakota del Norte, Mississippi, Kentucky, New Hampshine, Ohio, Dakota del Sur, Montana, Alabama, Missouri y Louisiana.<\/p>\n<p>En los tres \u00faltimos a\u00f1os, el n\u00famero de los migrantes que de M\u00e9xico y Centroam\u00e9rica han ingresado a Estado Unidos ha sido cero. A esta cifra se llega al restar el n\u00famero de los que han ingresado con los que han deportado. En los a\u00f1os del gobierno del presidente Barack Obama ha ocurrido el mayor n\u00famero de deportaciones en la historia de Estados Unidos.<\/p>\n<p>Este fen\u00f3meno, que muy probablemente se mantendr\u00e1 estable en los pr\u00f3ximos a\u00f1os, va a depender m\u00e1s que nada de la evoluci\u00f3n de la econom\u00eda estadounidense, que no modifica las proyecciones de crecimiento de la poblaci\u00f3n latina propuestas por el Centro de Investigaciones Pew. Dentro de 36 a\u00f1os, en 2050, los latinos llegar\u00e1n al 29% de la poblaci\u00f3n de Estado Unidos y los blancos al 47%. En el 2100, ser\u00e1n ya la poblaci\u00f3n mayoritaria.<\/p>\n","protected":false},"excerpt":{"rendered":"<p>Rub\u00e9n Aguilar Valenzuela En los \u00faltimos a\u00f1os, el n\u00famero de los migrantes que de de M\u00e9xico y Centroam\u00e9rica han ingresado a Estados Unidos ha sido cero. A esta cifra se llega al restar el n\u00famero de los que han ingresado con los que han deportado. En los a\u00f1os del gobierno del presidente Barack Obama ha [&hellip;]<\/p>\n","protected":false},"author":1,"featured_media":31459,"comment_status":"open","ping_status":"open","sticky":false,"template":"","format":"standard","meta":{"om_disable_all_campaigns":false,"_monsterinsights_skip_tracking":false,"_monsterinsights_sitenote_active":false,"_monsterinsights_sitenote_note":"","_monsterinsights_sitenote_category":0,"footnotes":""},"categories":[12],"tags":[],"class_list":["post-31458","post","type-post","status-publish","format-standard","has-post-thumbnail","hentry","category-blugs"],"aioseo_notices":[],"_links":{"self":[{"href":"https:\/\/elcronistadigital.com\/index.php?rest_route=\/wp\/v2\/posts\/31458","targetHints":{"allow":["GET"]}}],"collection":[{"href":"https:\/\/elcronistadigital.com\/index.php?rest_route=\/wp\/v2\/posts"}],"about":[{"href":"https:\/\/elcronistadigital.com\/index.php?rest_route=\/wp\/v2\/types\/post"}],"author":[{"embeddable":true,"href":"https:\/\/elcronistadigital.com\/index.php?rest_route=\/wp\/v2\/users\/1"}],"replies":[{"embeddable":true,"href":"https:\/\/elcronistadigital.com\/index.php?rest_route=%2Fwp%2Fv2%2Fcomments&post=31458"}],"version-history":[{"count":1,"href":"https:\/\/elcronistadigital.com\/index.php?rest_route=\/wp\/v2\/posts\/31458\/revisions"}],"predecessor-version":[{"id":31460,"href":"https:\/\/elcronistadigital.com\/index.php?rest_route=\/wp\/v2\/posts\/31458\/revisions\/31460"}],"wp:featuredmedia":[{"embeddable":true,"href":"https:\/\/elcronistadigital.com\/index.php?rest_route=\/wp\/v2\/media\/31459"}],"wp:attachment":[{"href":"https:\/\/elcronistadigital.com\/index.php?rest_route=%2Fwp%2Fv2%2Fmedia&parent=31458"}],"wp:term":[{"taxonomy":"category","embeddable":true,"href":"https:\/\/elcronistadigital.com\/index.php?rest_route=%2Fwp%2Fv2%2Fcategories&post=31458"},{"taxonomy":"post_tag","embeddable":true,"href":"https:\/\/elcronistadigital.com\/index.php?rest_route=%2Fwp%2Fv2%2Ftags&post=31458"}],"curies":[{"name":"wp","href":"https:\/\/api.w.org\/{rel}","templated":true}]}}