{"id":31482,"date":"2014-04-30T09:01:42","date_gmt":"2014-04-30T15:01:42","guid":{"rendered":"http:\/\/elcronistadigital.com\/?p=31482"},"modified":"2014-04-30T09:01:42","modified_gmt":"2014-04-30T15:01:42","slug":"el-principio-de-la-buena-fe","status":"publish","type":"post","link":"https:\/\/elcronistadigital.com\/?p=31482","title":{"rendered":"El principio de la buena fe"},"content":{"rendered":"<p><a href=\"https:\/\/elcronistadigital.com\/?attachment_id=31483\" rel=\"attachment wp-att-31483\"><img loading=\"lazy\" decoding=\"async\" class=\"alignleft size-medium wp-image-31483\" alt=\"Laura Gil 1\" src=\"https:\/\/elcronistadigital.com\/wp-content\/uploads\/2014\/04\/Laura-Gil-1-300x300.jpg\" width=\"300\" height=\"300\" srcset=\"https:\/\/elcronistadigital.com\/wp-content\/uploads\/2014\/04\/Laura-Gil-1-300x300.jpg 300w, https:\/\/elcronistadigital.com\/wp-content\/uploads\/2014\/04\/Laura-Gil-1-150x150.jpg 150w, https:\/\/elcronistadigital.com\/wp-content\/uploads\/2014\/04\/Laura-Gil-1-50x50.jpg 50w, https:\/\/elcronistadigital.com\/wp-content\/uploads\/2014\/04\/Laura-Gil-1-70x70.jpg 70w, https:\/\/elcronistadigital.com\/wp-content\/uploads\/2014\/04\/Laura-Gil-1-55x55.jpg 55w, https:\/\/elcronistadigital.com\/wp-content\/uploads\/2014\/04\/Laura-Gil-1.jpg 333w\" sizes=\"auto, (max-width: 300px) 100vw, 300px\" \/><\/a>Laura Gil<\/p>\n<p>* El problema no est\u00e1 tanto en la jerarquizaci\u00f3n de las normas como en el prop\u00f3sito buscado. Aqu\u00ed, este est\u00e1 claro: la evasi\u00f3n de una obligaci\u00f3n internacional.<\/p>\n<p>El principio de la buena fe constituye un pilar del derecho internacional. De ser aceptada la ponencia del magistrado Mauricio Gonz\u00e1lez Cuervo, de la Corte Constitucional, en torno al fallo de San Andr\u00e9s, nos encaminamos a transgredirlo.<\/p>\n<p>Qued\u00f3 claro cu\u00e1n poca estima tiene el Gobierno por la supremac\u00eda del derecho internacional sobre las leyes dom\u00e9sticas. Todav\u00eda queda algo de esperanza en la Corte Constitucional. Pero los planteamientos filtrados no parecen promisorios.<\/p>\n<p>El Gobierno pretende desconocer la decisi\u00f3n de la Corte Internacional de Justicia (CIJ) v\u00eda la declaraci\u00f3n de inexequibilidad de la ley aprobatoria del Pacto de Bogot\u00e1.<\/p>\n<p>La acci\u00f3n de constitucionalidad del Presidente de la Rep\u00fablica argument\u00f3 que la Constituci\u00f3n solo permite la modificaci\u00f3n de l\u00edmites mediante tratados internacionales y, en consecuencia, la competencia de la CIJ derivada del Pacto de Bogot\u00e1 no puede extenderse a controversias fronterizas.<\/p>\n<p>Tal como fue proyectado por Gonz\u00e1lez Cuervo, este razonamiento surte efectos hacia el pasado y hacia el futuro. Convierte la decisi\u00f3n del 2012 en \u201cinaplicable\u201d, las pendientes tambi\u00e9n y hasta podr\u00eda volver \u201cinconstitucional\u201d la defensa de Colombia en La Haya para el caso de la plataforma continental extendida.<\/p>\n<p>Se vislumbra en Europa una tendencia creciente a resistir la incorporaci\u00f3n autom\u00e1tica de la jurisprudencia internacional en los sistemas internos cuando esta pudiera transgredir la norma constitucional. Pero cuando los tribunales constitucionales se han mostrado rebeldes \u2013Alemania constituye un buen ejemplo\u2013, ellos han actuado para proteger a\u00fan m\u00e1s los valores globales: m\u00e1s derechos humanos, m\u00e1s democracia, m\u00e1s respeto por los principios generales del derecho.<\/p>\n<p>El problema no est\u00e1 tanto en la jerarquizaci\u00f3n de las normas como en el prop\u00f3sito buscado. Aqu\u00ed, este est\u00e1 claro y no constituye motivo de orgullo: la evasi\u00f3n de una obligaci\u00f3n internacional.<\/p>\n<p>La Constituci\u00f3n de Honduras incorpora el cayo de Serranilla al territorio de este pa\u00eds. No sobre preguntarse si, en aras de la reciprocidad, Colombia aceptar\u00eda que el vecino pa\u00eds esbozara un argumento similar.<\/p>\n<p>El escrito del Gobierno se aferr\u00f3 a la existencia del l\u00edmite mar\u00edtimo con Nicaragua y Gonz\u00e1lez Cuervo accede a esta ficci\u00f3n. Pero la CIJ no modific\u00f3 un l\u00edmite; solo lo fij\u00f3.<\/p>\n<p>Este gobierno, como todos los anteriores desde L\u00f3pez Michelsen, conocieron la verdad del meridiano 82 pero no la compartieron. \u00bfC\u00f3mo podr\u00eda haber sido m\u00e1s que una l\u00ednea de referencia? Hacia la \u00e9poca del canje de notas del Tratado Esguerra-B\u00e1rcenas, el concepto mismo de l\u00edmite mar\u00edtimo ni siquiera ten\u00eda vigencia. Como la demanda gubernamental, Gonz\u00e1lez Cuervo propone la negociaci\u00f3n de un tratado. No resulta mala idea para alcanzar el cierre definitivo de la disputa demarcatoria, garantizar los derechos de pesca y proteger el medioambiente.<\/p>\n<p>El mismo Daniel Ortega ofreci\u00f3 el di\u00e1logo hasta que se aburri\u00f3 de esperar e interpuso un recurso jur\u00eddico por desacato contra Colombia, primer Estado sometido a tan humillante condici\u00f3n en la historia de la CIJ. Pero el texto de Gonz\u00e1lez Cuervo alcanza a crear expectativas sin fundamentos. Una negociaci\u00f3n podr\u00eda alterar en algo el trazado de los l\u00edmites y hasta desenclavar los cayos, pero no lograr\u00eda la recuperaci\u00f3n del mar.<\/p>\n<p>Para colmo de males, Gonz\u00e1lez Cuervo plantea la consulta previa de los sanandresanos como requisito, algo similar a poner la soluci\u00f3n del problema de las Malvinas en manos de sus residentes ingleses.<\/p>\n<p>Esta Corte Constitucional, cuya jurisprudencia tanto reconocimiento ha recibido, debe hablar fuerte y claro. No puede permitirnos abandonar el principio de la buena fe en las relaciones internacionales.<\/p>\n<p>&nbsp;<\/p>\n<p>El Tiempo.com<\/p>\n","protected":false},"excerpt":{"rendered":"<p>Laura Gil * El problema no est\u00e1 tanto en la jerarquizaci\u00f3n de las normas como en el prop\u00f3sito buscado. Aqu\u00ed, este est\u00e1 claro: la evasi\u00f3n de una obligaci\u00f3n internacional. El principio de la buena fe constituye un pilar del derecho internacional. De ser aceptada la ponencia del magistrado Mauricio Gonz\u00e1lez Cuervo, de la Corte Constitucional, [&hellip;]<\/p>\n","protected":false},"author":1,"featured_media":31483,"comment_status":"open","ping_status":"open","sticky":false,"template":"","format":"standard","meta":{"om_disable_all_campaigns":false,"_monsterinsights_skip_tracking":false,"_monsterinsights_sitenote_active":false,"_monsterinsights_sitenote_note":"","_monsterinsights_sitenote_category":0,"footnotes":""},"categories":[3,12],"tags":[],"class_list":["post-31482","post","type-post","status-publish","format-standard","has-post-thumbnail","hentry","category-nacionales","category-blugs"],"aioseo_notices":[],"_links":{"self":[{"href":"https:\/\/elcronistadigital.com\/index.php?rest_route=\/wp\/v2\/posts\/31482","targetHints":{"allow":["GET"]}}],"collection":[{"href":"https:\/\/elcronistadigital.com\/index.php?rest_route=\/wp\/v2\/posts"}],"about":[{"href":"https:\/\/elcronistadigital.com\/index.php?rest_route=\/wp\/v2\/types\/post"}],"author":[{"embeddable":true,"href":"https:\/\/elcronistadigital.com\/index.php?rest_route=\/wp\/v2\/users\/1"}],"replies":[{"embeddable":true,"href":"https:\/\/elcronistadigital.com\/index.php?rest_route=%2Fwp%2Fv2%2Fcomments&post=31482"}],"version-history":[{"count":1,"href":"https:\/\/elcronistadigital.com\/index.php?rest_route=\/wp\/v2\/posts\/31482\/revisions"}],"predecessor-version":[{"id":31484,"href":"https:\/\/elcronistadigital.com\/index.php?rest_route=\/wp\/v2\/posts\/31482\/revisions\/31484"}],"wp:featuredmedia":[{"embeddable":true,"href":"https:\/\/elcronistadigital.com\/index.php?rest_route=\/wp\/v2\/media\/31483"}],"wp:attachment":[{"href":"https:\/\/elcronistadigital.com\/index.php?rest_route=%2Fwp%2Fv2%2Fmedia&parent=31482"}],"wp:term":[{"taxonomy":"category","embeddable":true,"href":"https:\/\/elcronistadigital.com\/index.php?rest_route=%2Fwp%2Fv2%2Fcategories&post=31482"},{"taxonomy":"post_tag","embeddable":true,"href":"https:\/\/elcronistadigital.com\/index.php?rest_route=%2Fwp%2Fv2%2Ftags&post=31482"}],"curies":[{"name":"wp","href":"https:\/\/api.w.org\/{rel}","templated":true}]}}