{"id":31737,"date":"2014-05-07T17:06:42","date_gmt":"2014-05-07T23:06:42","guid":{"rendered":"http:\/\/elcronistadigital.com\/?p=31737"},"modified":"2014-05-07T17:06:42","modified_gmt":"2014-05-07T23:06:42","slug":"panama-nuevo-presidente","status":"publish","type":"post","link":"https:\/\/elcronistadigital.com\/?p=31737","title":{"rendered":"Panam\u00e1: nuevo presidente"},"content":{"rendered":"<p><a href=\"https:\/\/elcronistadigital.com\/?attachment_id=31738\" rel=\"attachment wp-att-31738\"><img loading=\"lazy\" decoding=\"async\" class=\"alignleft size-medium wp-image-31738\" alt=\"Rub\u00e9n Aguilar Valenzuela\" src=\"https:\/\/elcronistadigital.com\/wp-content\/uploads\/2014\/05\/Rub\u00e9n-Aguilar-Valenzuela1-200x300.jpg\" width=\"200\" height=\"300\" srcset=\"https:\/\/elcronistadigital.com\/wp-content\/uploads\/2014\/05\/Rub\u00e9n-Aguilar-Valenzuela1-200x300.jpg 200w, https:\/\/elcronistadigital.com\/wp-content\/uploads\/2014\/05\/Rub\u00e9n-Aguilar-Valenzuela1.jpg 299w\" sizes=\"auto, (max-width: 200px) 100vw, 200px\" \/><\/a>Rub\u00e9n Aguilar Valenzuela<\/p>\n<p>El pasado 4 de mayo hubo elecciones generales en Panam\u00e1 y en la jornada se eligieron 1,648 cargos que incluyen, adem\u00e1s del presidente y vicepresidente, a 71 diputados, 20 diputados del Parlamento Centroamericano (Parlacen) y 73 alcaldes. La participaci\u00f3n ciudadana fue masiva y destac\u00f3 el alto porcentaje de j\u00f3venes.<\/p>\n<p>La victoria la obtuvo Juan Carlos Varela (50), del opositor Partido Popular Paname\u00f1ista (PPP), con 39.2% de los votos, que vence a Jos\u00e9 Domingo Arias, del oficialista Partido Cambio Democr\u00e1tico (PCD), con 32.0%, y Juan Carlos Navarro, del Partido Revolucionario Democr\u00e1tico (PRD), con 27.5 por ciento. La vicepresidencia ser\u00e1 ocupada por Isabel Saint Malo.<\/p>\n<p>El nuevo mandatario, que asume su cargo el primero de julio, es un empresario que era el vicepresidente del gobierno de Ricardo Martinelli (62), que gan\u00f3 la elecci\u00f3n en el 2009, en alianza con el partido del primero. En el 2011, \u00e9ste rompi\u00f3 con \u00e9l, por desacuerdos pol\u00edticos, aunque formalmente sigui\u00f3 ocupando su cargo.<\/p>\n<p>En Panam\u00e1 no hay segunda vuelta y el periodo de gobierno es por cinco a\u00f1os. El Tribunal Electoral de Panam\u00e1, encargado de las elecciones, tiene un gran prestigio y reconocimiento de la sociedad y los pol\u00edticos. En esta ocasi\u00f3n, dio ganador, ante lo \u201cirreversible de las tendencias\u201d, con 60% de los votos contados.<\/p>\n<p>La costumbre es que el presidente del Tribunal Electoral, de manera abierta, ante la prensa y a tel\u00e9fono abierto, llame al candidato ganador. As\u00ed se hizo y Varela, en la l\u00ednea telef\u00f3nica, reconoci\u00f3 el trabajo del \u00f3rgano electoral y dijo que, con la elecci\u00f3n, quien hab\u00eda ganado era Panam\u00e1. Despu\u00e9s, los otros candidatos reconocieron de manera abierta su derrota.<\/p>\n<p>El presidente todav\u00eda en funciones, Ricardo Martinelli, pretendi\u00f3 cambiar la Constituci\u00f3n, para poderse reelegir, pero no lo logr\u00f3. En la f\u00f3rmula del candidato oficial puso como vicepresidenta a su esposa, Marta Linares. Los analistas piensan que eso molest\u00f3 al electorado, que lo vio como una manera de reelecci\u00f3n disfrazada.<\/p>\n<p>Varela, el nuevo mandatario, hizo sus estudios de primaria y secundaria en el colegio de los jesuitas y se gradu\u00f3 de ingeniero industrial en el Instituto Tecnol\u00f3gico de Georgia, en Estados Unidos. Est\u00e1 casado con Lorena Castillo, conocida presentadora de televisi\u00f3n, y tienen tres hijos. En el discurso de la celebraci\u00f3n de su victoria, insisti\u00f3 en que la tarea prioritaria ser\u00e1 combatir la corrupci\u00f3n. \u201cQuien quiera hacer negocios, dijo, que se vaya a la empresa privada\u201d.<\/p>\n<p>El gran reto de Varela, quien gobernar\u00e1 del 2014 al 2019, es, en una econom\u00eda que en los \u00faltimos a\u00f1os creci\u00f3 a 9%, mejorar las condiciones sociales de la poblaci\u00f3n y disminuir los niveles de desigualdad. Le toca tambi\u00e9n ver que se terminen las obras de ampliaci\u00f3n del Canal de Panam\u00e1, fuente importante de recursos para el gobierno.<\/p>\n","protected":false},"excerpt":{"rendered":"<p>Rub\u00e9n Aguilar Valenzuela El pasado 4 de mayo hubo elecciones generales en Panam\u00e1 y en la jornada se eligieron 1,648 cargos que incluyen, adem\u00e1s del presidente y vicepresidente, a 71 diputados, 20 diputados del Parlamento Centroamericano (Parlacen) y 73 alcaldes. La participaci\u00f3n ciudadana fue masiva y destac\u00f3 el alto porcentaje de j\u00f3venes. La victoria la [&hellip;]<\/p>\n","protected":false},"author":1,"featured_media":31738,"comment_status":"open","ping_status":"open","sticky":false,"template":"","format":"standard","meta":{"om_disable_all_campaigns":false,"_monsterinsights_skip_tracking":false,"_monsterinsights_sitenote_active":false,"_monsterinsights_sitenote_note":"","_monsterinsights_sitenote_category":0,"footnotes":""},"categories":[12],"tags":[],"class_list":["post-31737","post","type-post","status-publish","format-standard","has-post-thumbnail","hentry","category-blugs"],"aioseo_notices":[],"_links":{"self":[{"href":"https:\/\/elcronistadigital.com\/index.php?rest_route=\/wp\/v2\/posts\/31737","targetHints":{"allow":["GET"]}}],"collection":[{"href":"https:\/\/elcronistadigital.com\/index.php?rest_route=\/wp\/v2\/posts"}],"about":[{"href":"https:\/\/elcronistadigital.com\/index.php?rest_route=\/wp\/v2\/types\/post"}],"author":[{"embeddable":true,"href":"https:\/\/elcronistadigital.com\/index.php?rest_route=\/wp\/v2\/users\/1"}],"replies":[{"embeddable":true,"href":"https:\/\/elcronistadigital.com\/index.php?rest_route=%2Fwp%2Fv2%2Fcomments&post=31737"}],"version-history":[{"count":1,"href":"https:\/\/elcronistadigital.com\/index.php?rest_route=\/wp\/v2\/posts\/31737\/revisions"}],"predecessor-version":[{"id":31739,"href":"https:\/\/elcronistadigital.com\/index.php?rest_route=\/wp\/v2\/posts\/31737\/revisions\/31739"}],"wp:featuredmedia":[{"embeddable":true,"href":"https:\/\/elcronistadigital.com\/index.php?rest_route=\/wp\/v2\/media\/31738"}],"wp:attachment":[{"href":"https:\/\/elcronistadigital.com\/index.php?rest_route=%2Fwp%2Fv2%2Fmedia&parent=31737"}],"wp:term":[{"taxonomy":"category","embeddable":true,"href":"https:\/\/elcronistadigital.com\/index.php?rest_route=%2Fwp%2Fv2%2Fcategories&post=31737"},{"taxonomy":"post_tag","embeddable":true,"href":"https:\/\/elcronistadigital.com\/index.php?rest_route=%2Fwp%2Fv2%2Ftags&post=31737"}],"curies":[{"name":"wp","href":"https:\/\/api.w.org\/{rel}","templated":true}]}}