{"id":31831,"date":"2014-05-11T13:04:04","date_gmt":"2014-05-11T19:04:04","guid":{"rendered":"http:\/\/elcronistadigital.com\/?p=31831"},"modified":"2014-05-11T13:04:04","modified_gmt":"2014-05-11T19:04:04","slug":"debieron-buscar-negociacion-bilateral","status":"publish","type":"post","link":"https:\/\/elcronistadigital.com\/?p=31831","title":{"rendered":"\u00bfDebieron buscar negociaci\u00f3n bilateral?"},"content":{"rendered":"<div id=\"attachment_31832\" style=\"width: 300px\" class=\"wp-caption alignleft\"><a href=\"https:\/\/elcronistadigital.com\/?attachment_id=31832\" rel=\"attachment wp-att-31832\"><img loading=\"lazy\" decoding=\"async\" aria-describedby=\"caption-attachment-31832\" class=\"size-full wp-image-31832\" alt=\"Farid Kahhat.\" src=\"https:\/\/elcronistadigital.com\/wp-content\/uploads\/2014\/05\/Farid-Kahhat.jpg\" width=\"290\" height=\"230\" \/><\/a><p id=\"caption-attachment-31832\" class=\"wp-caption-text\">Farid Kahhat.<\/p><\/div>\n<p>Farid Kahhat<br \/>\nEl Comercio<\/p>\n<p>El fallo de la Corte Internacional de Justicia (CIJ), en la controversia lim\u00edtrofe entre Colombia y Nicaragua obliga al Estado Colombiano a ceder el control que de facto ejerc\u00eda sobre unos 75.000 kil\u00f3metros cuadrados de espacio mar\u00edtimo. El fallo de la CIJ en la controversia lim\u00edtrofe entre Chile y el Per\u00fa obliga al Estado Chileno a ceder el control que de facto ejerc\u00eda sobre unos 22.000 kil\u00f3metros cuadrados de espacio mar\u00edtimo. Parece razonable presumir que de haber buscado una negociaci\u00f3n bilateral, tanto Colombia como Chile podr\u00edan haber obtenido resultados mejores que los conseguidos a trav\u00e9s de los fallos de la CIJ. \u00bfPor qu\u00e9 entonces no buscaron esa negociaci\u00f3n?<\/p>\n<p>Una respuesta posible es que ambos pa\u00edses sobrestimaron la fortaleza jur\u00eddica de su propio caso. El caso colombiano se bas\u00f3 en el argumento de que el Tratado Esguerra-B\u00e1rcenas de 1928 hab\u00eda definido el l\u00edmite mar\u00edtimo con Nicaragua. El caso chileno se bas\u00f3 en el argumento de que la Declaraci\u00f3n de Santiago de 1952 hab\u00eda definido el l\u00edmite mar\u00edtimo con el Per\u00fa. La CIJ desestim\u00f3 ambos argumentos, en el primer caso al rechazar en diciembre del 2007 la excepci\u00f3n preliminar presentada por Colombia; en el segundo caso, a trav\u00e9s del fallo que emiti\u00f3 en enero del 2014.<\/p>\n<p>De un lado, la corte rechaz\u00f3 por unanimidad el cuestionamiento colombiano de su competencia en materia de delimitaci\u00f3n mar\u00edtima. De otro lado, la corte desestim\u00f3 el argumento chileno de que la Declaraci\u00f3n de Santiago (que no contiene la palabra \u201cl\u00edmite\u201d, y solo menciona la palabra \u201cfrontera\u201d dentro de la frase \u201cfrontera terrestre\u201d) constitu\u00eda un tratado de l\u00edmites mar\u00edtimos.<\/p>\n<p>La explicaci\u00f3n de por qu\u00e9 Colombia y Chile no buscaron un acuerdo bilateral con Nicaragua y el Per\u00fa no parece ser la confianza en la fortaleza de sus argumentos jur\u00eddicos. Una explicaci\u00f3n alternativa ser\u00eda aquella que proveen los hallazgos tanto en psicolog\u00eda social como experimental. En otra ocasi\u00f3n mencionamos el fen\u00f3meno conocido como \u2018endowment effect\u2019, el cual podr\u00eda traducirse como efecto de dotaci\u00f3n. Chile ejerci\u00f3 control efectivo sobre el espacio mar\u00edtimo en controversia por m\u00e1s de medio siglo, mientras Colombia lo hizo por m\u00e1s de ochenta a\u00f1os. El efecto de dotaci\u00f3n sugiere que la posesi\u00f3n efectiva de un bien genera en quien la ejerce la convicci\u00f3n de que le asiste un derecho de propiedad o \u2013en este caso\u2013 de soberan\u00eda. Es decir, no parec\u00eda existir duda alguna entre chilenos y colombianos sobre el hecho de que las zonas en controversia les pertenec\u00edan.<\/p>\n<p>A eso habr\u00eda que a\u00f1adir otro hallazgo de la psicolog\u00eda: \u2018reactive devaluation\u2019 (o devaluaci\u00f3n reactiva). Alude a que en situaciones de conflicto no solemos evaluar las propuestas de quien es percibido como un rival con base en su contenido, sino con base en la identidad de quien la formula. El qu\u00e9 se propone importa menos que qui\u00e9n lo propone. En los casos que abordamos, operar\u00eda la siguiente l\u00f3gica: ser\u00eda altamente improbable que tanto la opini\u00f3n p\u00fablica como las \u00e9lites en Chile acepten entregar el control de un espacio en controversia simplemente porque el Estado Peruano lo demanda. S\u00ed resulta tolerable ceder el control del mismo territorio cuando la decisi\u00f3n proviene de un tercero neutral, al que las partes reconocen legitimidad necesaria. Pese a la reciente decisi\u00f3n de su Corte Constitucional, creo que tarde o temprano Colombia har\u00e1 lo mismo que Chile.<\/p>\n","protected":false},"excerpt":{"rendered":"<p>Farid Kahhat El Comercio El fallo de la Corte Internacional de Justicia (CIJ), en la controversia lim\u00edtrofe entre Colombia y Nicaragua obliga al Estado Colombiano a ceder el control que de facto ejerc\u00eda sobre unos 75.000 kil\u00f3metros cuadrados de espacio mar\u00edtimo. El fallo de la CIJ en la controversia lim\u00edtrofe entre Chile y el Per\u00fa [&hellip;]<\/p>\n","protected":false},"author":1,"featured_media":31832,"comment_status":"open","ping_status":"open","sticky":false,"template":"","format":"standard","meta":{"om_disable_all_campaigns":false,"_monsterinsights_skip_tracking":false,"_monsterinsights_sitenote_active":false,"_monsterinsights_sitenote_note":"","_monsterinsights_sitenote_category":0,"footnotes":""},"categories":[12],"tags":[],"class_list":["post-31831","post","type-post","status-publish","format-standard","has-post-thumbnail","hentry","category-blugs"],"aioseo_notices":[],"_links":{"self":[{"href":"https:\/\/elcronistadigital.com\/index.php?rest_route=\/wp\/v2\/posts\/31831","targetHints":{"allow":["GET"]}}],"collection":[{"href":"https:\/\/elcronistadigital.com\/index.php?rest_route=\/wp\/v2\/posts"}],"about":[{"href":"https:\/\/elcronistadigital.com\/index.php?rest_route=\/wp\/v2\/types\/post"}],"author":[{"embeddable":true,"href":"https:\/\/elcronistadigital.com\/index.php?rest_route=\/wp\/v2\/users\/1"}],"replies":[{"embeddable":true,"href":"https:\/\/elcronistadigital.com\/index.php?rest_route=%2Fwp%2Fv2%2Fcomments&post=31831"}],"version-history":[{"count":1,"href":"https:\/\/elcronistadigital.com\/index.php?rest_route=\/wp\/v2\/posts\/31831\/revisions"}],"predecessor-version":[{"id":31833,"href":"https:\/\/elcronistadigital.com\/index.php?rest_route=\/wp\/v2\/posts\/31831\/revisions\/31833"}],"wp:featuredmedia":[{"embeddable":true,"href":"https:\/\/elcronistadigital.com\/index.php?rest_route=\/wp\/v2\/media\/31832"}],"wp:attachment":[{"href":"https:\/\/elcronistadigital.com\/index.php?rest_route=%2Fwp%2Fv2%2Fmedia&parent=31831"}],"wp:term":[{"taxonomy":"category","embeddable":true,"href":"https:\/\/elcronistadigital.com\/index.php?rest_route=%2Fwp%2Fv2%2Fcategories&post=31831"},{"taxonomy":"post_tag","embeddable":true,"href":"https:\/\/elcronistadigital.com\/index.php?rest_route=%2Fwp%2Fv2%2Ftags&post=31831"}],"curies":[{"name":"wp","href":"https:\/\/api.w.org\/{rel}","templated":true}]}}